{"id":20,"count":49,"description":"Les soldats du 403e R.I.  cit\u00e9s et ou d\u00e9cor\u00e9s ","link":"https:\/\/www.photoethistoire.eu\/14-18\/category\/403e\/cita\/","name":"Soldats cit\u00e9s","slug":"cita","taxonomy":"category","parent":2,"meta":[],"_links":{"self":[{"href":"https:\/\/www.photoethistoire.eu\/14-18\/wp-json\/wp\/v2\/categories\/20","targetHints":{"allow":["GET"]}}],"collection":[{"href":"https:\/\/www.photoethistoire.eu\/14-18\/wp-json\/wp\/v2\/categories"}],"about":[{"href":"https:\/\/www.photoethistoire.eu\/14-18\/wp-json\/wp\/v2\/taxonomies\/category"}],"up":[{"embeddable":true,"href":"https:\/\/www.photoethistoire.eu\/14-18\/wp-json\/wp\/v2\/categories\/2"}],"wp:post_type":[{"href":"https:\/\/www.photoethistoire.eu\/14-18\/wp-json\/wp\/v2\/posts?categories=20"}],"curies":[{"name":"wp","href":"https:\/\/api.w.org\/{rel}","templated":true}]}}