{"id":100,"date":"2008-07-06T12:21:48","date_gmt":"2008-07-06T11:21:48","guid":{"rendered":"http:\/\/www.photoethistoire.eu\/14-18\/?p=100"},"modified":"2016-05-20T09:07:52","modified_gmt":"2016-05-20T08:07:52","slug":"composition-du-regiment","status":"publish","type":"post","link":"https:\/\/www.photoethistoire.eu\/14-18\/2008\/07\/composition-du-regiment\/","title":{"rendered":"Composition du r\u00e9giment"},"content":{"rendered":"<div class=\"content_full\">\n<div class=\"bText\">\n<p>Le 403e RI \u00e9tait principalement compos\u00e9 de soldats de la classe 1915 des 3e et 6e r\u00e9gions militaires. Ces jeunes soldats \u00e9taient encadr\u00e9s par des \u00e9l\u00e9ments plus \u00e2g\u00e9s venus de diff\u00e9rents r\u00e9giments. Il a \u00e9t\u00e9 form\u00e9 aux Andelys en mars 1915 et est alors constitu\u00e9 de 3 bataillons avec 3 sections de mitrailleuses en plus de la compagnie \u00ab\u00a0hors rang\u00a0\u00bb.<\/p>\n<p><strong>La composition du 403e est la suivante :<\/strong><\/p>\n<p>Lieutenant Colonel <strong>PERNOT<\/strong> &#8211; Chef de Corps<br \/>\nCapitaine <strong>QUEROY <\/strong>&#8211; Capitaine adjoint au chef de corps<br \/>\nLieutenant <strong>BOUCHER <\/strong>&#8211; Lieutenant charg\u00e9 des d\u00e9tails<br \/>\nLieutenant <strong>CHAUSSON<\/strong> &#8211; Lieutenant d\u2019approvisionnement<br \/>\nLieutenant <strong>PIQUOT<\/strong> &#8211; Lieutenant chef du service t\u00e9l\u00e9phonique<br \/>\nSous-Lieutenant <strong>QUINTARD<\/strong> &#8211; Lieutenant Porte-Drapeau<br \/>\nM\u00e9decin-Major de 2e cl. <strong>LAURENS <\/strong>&#8211; Chef du service de sant\u00e9<br \/>\nM\u00e9decin Aide Major de 2e cl. <strong>HOFFNER<\/strong> &#8211; Adjoint au chef de service<\/p>\n<p>Les trois bataillons qui forment le r\u00e9giment ont \u00e9t\u00e9 constitu\u00e9s le 10 mars 1915:<\/p>\n<p><strong>1er Bataillon constitu\u00e9 aux Andelys (Eure)<\/strong><\/p>\n<p>Commandant <strong>Hurvoy<\/strong><br \/>\nM\u00e9decin Aide Major de 2e cl.<strong> Angot<\/strong><\/p>\n<p><em><strong>1\u00e8re Cie<\/strong><\/em> &#8211; Capitaine <strong>Lecart<\/strong>, Lieutenant <strong>Noblesse<\/strong><br \/>\navec des \u00e9l\u00e9ments du 28e RI<\/p>\n<p><em><strong>2e Cie<\/strong><\/em> &#8211; Capitaine <strong>Bablot<\/strong>, Sous-Lieutenant <strong>Boust<\/strong><br \/>\navec des \u00e9l\u00e9ments du 39e RI<\/p>\n<p><em><strong>3e Cie<\/strong><\/em> &#8211; Capitaine <strong>Aubesquier<\/strong>, Lieutenant <strong>Levavasseur<\/strong>, Sous-Lieutenant<strong>Boissi\u00e8re<\/strong><br \/>\navec des \u00e9l\u00e9ments du 74e RI<\/p>\n<p><em><strong>4e Cie<\/strong><\/em> &#8211; Capitaine <strong>Lorillot<\/strong> (puis Lieutenant <strong>Espanet<\/strong>), Sous-Lieutenant <strong>Veillet<\/strong><br \/>\navec des \u00e9l\u00e9ments du 24e RI<\/p>\n<p><strong>2e Bataillon constitu\u00e9 \u00e0 Louviers (Eure)<\/strong><\/p>\n<p>Commandant <strong>Frey<\/strong><br \/>\nM\u00e9decin Aide Major <strong>Vannesson<\/strong><\/p>\n<p><em><strong>5e Cie<\/strong><\/em> &#8211; Capitaine <strong>Tartrat<\/strong>, Sous-Lieutenant <strong>Keller-Meyer<\/strong><br \/>\navec des \u00e9l\u00e9ments du 5e RI<\/p>\n<p><em><strong>6e Cie <\/strong><\/em>&#8211; Capitaine <strong>Page<\/strong>, Lieutenant <strong>de St Julien<\/strong><br \/>\navec des \u00e9l\u00e9ments du 119e RI<\/p>\n<p><em><strong>7e Cie<\/strong><\/em> &#8211; Lieutenant <strong>Benois<\/strong>, Sous-Lieutenant <strong>Taillebot<\/strong><br \/>\navec des \u00e9l\u00e9ments du 36e RI<\/p>\n<p><em><strong>8e Cie<\/strong><\/em> &#8211; Lieutenant <strong>Coulon<\/strong>, Lieutenant <strong>Barth\u00e9l\u00e9my<\/strong><br \/>\navec des \u00e9l\u00e9ments du 24e RI<\/p>\n<p><strong>3e Bataillon constitu\u00e9 \u00e0 Ecouis (Eure)<\/strong><\/p>\n<p>Commandant <strong>Vermont<\/strong> (remplac\u00e9 fin mars par le Commandant <strong>Bastien<\/strong> du 101e RI)<br \/>\nM\u00e9decin Aide Major de 2e cl. <strong>Clairgeau<\/strong><\/p>\n<p><em><strong>9e Cie<\/strong><\/em> &#8211; Capitaine <strong>Lorillot<\/strong>, Lieutenant <strong>Gallerand <\/strong>(le 1er mai ce dernier remplacera le Cpt <em><strong>Lorillot<\/strong><\/em> bless\u00e9)<br \/>\navec des \u00e9l\u00e9ments des 39e, 5e, 36e et 119e RI<\/p>\n<p><em><strong>10e Cie<\/strong><\/em> &#8211; Capitaine <strong>Mor\u00e9<\/strong>, Sous-Lieutenant <strong>Cottron<\/strong><br \/>\navec des \u00e9l\u00e9ments du 106e RI<\/p>\n<p><em><strong>11e Cie<\/strong><\/em> &#8211; Capitaine <strong>Sandrier<\/strong>, Sous-Lieutenant <strong>Adam<\/strong><br \/>\navec des \u00e9l\u00e9ments du 94e RI<\/p>\n<p><em><strong>12e Cie<\/strong><\/em> &#8211; Capitaine <strong>Gaz\u00e8res<\/strong> (puis Lieutenant <em><strong>Beaupuis)<\/strong><\/em>, Sous-Lieutenant<strong>Balland<\/strong><br \/>\navec des \u00e9l\u00e9ments du 132e RI<\/p>\n<p>Entre le 11 et le 15 avril constitution d&rsquo;une compagnie de mitrailleuses \u00e0 quatre sections:<\/p>\n<p>Lieutenant <strong>Courcoux<\/strong><br \/>\nSous-Lieutenant <strong>Le Monnier<\/strong><br \/>\nSous-Lieutenant <strong>Reussner<\/strong><\/p>\n<\/div>\n<\/div>\n<div class=\"post-footer\"><\/div>\n","protected":false},"excerpt":{"rendered":"<p>Le 403e RI \u00e9tait principalement compos\u00e9 de soldats de la classe 1915 des 3e et 6e r\u00e9gions militaires. Ces jeunes soldats \u00e9taient encadr\u00e9s par des \u00e9l\u00e9ments plus \u00e2g\u00e9s venus de diff\u00e9rents r\u00e9giments. Il a \u00e9t\u00e9 form\u00e9 aux Andelys en mars &hellip; <a href=\"https:\/\/www.photoethistoire.eu\/14-18\/2008\/07\/composition-du-regiment\/\">Lire la suite <span class=\"meta-nav\">&rarr;<\/span><\/a><\/p>\n","protected":false},"author":1,"featured_media":0,"comment_status":"closed","ping_status":"open","sticky":false,"template":"","format":"standard","meta":{"footnotes":""},"categories":[30],"tags":[],"class_list":["post-100","post","type-post","status-publish","format-standard","hentry","category-forma"],"_links":{"self":[{"href":"https:\/\/www.photoethistoire.eu\/14-18\/wp-json\/wp\/v2\/posts\/100","targetHints":{"allow":["GET"]}}],"collection":[{"href":"https:\/\/www.photoethistoire.eu\/14-18\/wp-json\/wp\/v2\/posts"}],"about":[{"href":"https:\/\/www.photoethistoire.eu\/14-18\/wp-json\/wp\/v2\/types\/post"}],"author":[{"embeddable":true,"href":"https:\/\/www.photoethistoire.eu\/14-18\/wp-json\/wp\/v2\/users\/1"}],"replies":[{"embeddable":true,"href":"https:\/\/www.photoethistoire.eu\/14-18\/wp-json\/wp\/v2\/comments?post=100"}],"version-history":[{"count":1,"href":"https:\/\/www.photoethistoire.eu\/14-18\/wp-json\/wp\/v2\/posts\/100\/revisions"}],"predecessor-version":[{"id":101,"href":"https:\/\/www.photoethistoire.eu\/14-18\/wp-json\/wp\/v2\/posts\/100\/revisions\/101"}],"wp:attachment":[{"href":"https:\/\/www.photoethistoire.eu\/14-18\/wp-json\/wp\/v2\/media?parent=100"}],"wp:term":[{"taxonomy":"category","embeddable":true,"href":"https:\/\/www.photoethistoire.eu\/14-18\/wp-json\/wp\/v2\/categories?post=100"},{"taxonomy":"post_tag","embeddable":true,"href":"https:\/\/www.photoethistoire.eu\/14-18\/wp-json\/wp\/v2\/tags?post=100"}],"curies":[{"name":"wp","href":"https:\/\/api.w.org\/{rel}","templated":true}]}}