{"id":1035,"date":"2008-02-09T11:16:28","date_gmt":"2008-02-09T10:16:28","guid":{"rendered":"http:\/\/www.photoethistoire.eu\/14-18\/?p=1035"},"modified":"2016-05-20T09:08:39","modified_gmt":"2016-05-20T08:08:39","slug":"henri-lacointe","status":"publish","type":"post","link":"https:\/\/www.photoethistoire.eu\/14-18\/2008\/02\/henri-lacointe\/","title":{"rendered":"Henri LACOINTE"},"content":{"rendered":"<div class=\"image_block\" style=\"text-align: center;\"><img loading=\"lazy\" decoding=\"async\" class=\"aligncenter\" title=\"\" src=\"http:\/\/www.photoethistoire.eu\/blogs\/media\/blogs\/a\/\/Lacointe.jpg\" alt=\"\" width=\"400\" height=\"600\" \/><em>Henri Lacointe est inhum\u00e9 en Belgique dans le village de Woesten <\/em><br \/>\n<em>o\u00f9 il est d\u00e9c\u00e9d\u00e9 des suites de ses blessures de guerre le 19 janvier 1915<\/em><\/div>\n<div class=\"image_block\">\n<p><img loading=\"lazy\" decoding=\"async\" class=\"aligncenter\" title=\"\" src=\"http:\/\/www.photoethistoire.eu\/blogs\/media\/blogs\/a\/woesten-b.jpg\" alt=\"\" width=\"600\" height=\"400\" \/><\/p>\n<p><em>Il repose dans le carr\u00e9 fran\u00e7ais \u00e0 l&rsquo;ombre de l&rsquo;\u00e9glise du petit cimeti\u00e8re de la commune<\/em><\/p>\n<\/div>\n<div class=\"image_block\" style=\"text-align: center;\"><img loading=\"lazy\" decoding=\"async\" class=\"aligncenter\" title=\"\" src=\"http:\/\/www.photoethistoire.eu\/blogs\/media\/blogs\/a\/woesten.jpg\" alt=\"\" width=\"600\" height=\"400\" \/><em>Le cimeti\u00e8re communal de Woesten<\/em><br \/>\n(Le carr\u00e9 fran\u00e7ais se situe dans le fond \u00e0 gauche de l&rsquo;\u00e9glise)<\/div>\n<hr \/>\n<p>Le village de Woesten est situ\u00e9 en Flandre Occidentale \u00e0 9km au Nord-Ouest de la ville de Ypres.<\/p>\n<hr \/>\n<p>&nbsp;<\/p>\n","protected":false},"excerpt":{"rendered":"<p>Henri Lacointe est inhum\u00e9 en Belgique dans le village de Woesten o\u00f9 il est d\u00e9c\u00e9d\u00e9 des suites de ses blessures de guerre le 19 janvier 1915 Il repose dans le carr\u00e9 fran\u00e7ais \u00e0 l&rsquo;ombre de l&rsquo;\u00e9glise du petit cimeti\u00e8re de &hellip; <a href=\"https:\/\/www.photoethistoire.eu\/14-18\/2008\/02\/henri-lacointe\/\">Lire la suite <span class=\"meta-nav\">&rarr;<\/span><\/a><\/p>\n","protected":false},"author":1,"featured_media":0,"comment_status":"closed","ping_status":"open","sticky":false,"template":"","format":"standard","meta":{"footnotes":""},"categories":[1],"tags":[],"class_list":["post-1035","post","type-post","status-publish","format-standard","hentry","category-chemins"],"_links":{"self":[{"href":"https:\/\/www.photoethistoire.eu\/14-18\/wp-json\/wp\/v2\/posts\/1035","targetHints":{"allow":["GET"]}}],"collection":[{"href":"https:\/\/www.photoethistoire.eu\/14-18\/wp-json\/wp\/v2\/posts"}],"about":[{"href":"https:\/\/www.photoethistoire.eu\/14-18\/wp-json\/wp\/v2\/types\/post"}],"author":[{"embeddable":true,"href":"https:\/\/www.photoethistoire.eu\/14-18\/wp-json\/wp\/v2\/users\/1"}],"replies":[{"embeddable":true,"href":"https:\/\/www.photoethistoire.eu\/14-18\/wp-json\/wp\/v2\/comments?post=1035"}],"version-history":[{"count":5,"href":"https:\/\/www.photoethistoire.eu\/14-18\/wp-json\/wp\/v2\/posts\/1035\/revisions"}],"predecessor-version":[{"id":1237,"href":"https:\/\/www.photoethistoire.eu\/14-18\/wp-json\/wp\/v2\/posts\/1035\/revisions\/1237"}],"wp:attachment":[{"href":"https:\/\/www.photoethistoire.eu\/14-18\/wp-json\/wp\/v2\/media?parent=1035"}],"wp:term":[{"taxonomy":"category","embeddable":true,"href":"https:\/\/www.photoethistoire.eu\/14-18\/wp-json\/wp\/v2\/categories?post=1035"},{"taxonomy":"post_tag","embeddable":true,"href":"https:\/\/www.photoethistoire.eu\/14-18\/wp-json\/wp\/v2\/tags?post=1035"}],"curies":[{"name":"wp","href":"https:\/\/api.w.org\/{rel}","templated":true}]}}