{"id":1039,"date":"2008-02-09T11:22:16","date_gmt":"2008-02-09T10:22:16","guid":{"rendered":"http:\/\/www.photoethistoire.eu\/14-18\/?p=1039"},"modified":"2016-05-20T09:08:10","modified_gmt":"2016-05-20T08:08:10","slug":"les-avremesnilais-mort-pour-la-defense-de-la-belgique","status":"publish","type":"post","link":"https:\/\/www.photoethistoire.eu\/14-18\/2008\/02\/les-avremesnilais-mort-pour-la-defense-de-la-belgique\/","title":{"rendered":"Les Avremesnilais mort pour la d\u00e9fense de la Belgique"},"content":{"rendered":"<p>Cinq jeunes hommes d&rsquo;Avremesnil sont tomb\u00e9s sur le sol de Belgique.<\/p>\n<div class=\"image_block\">\n<p><img loading=\"lazy\" decoding=\"async\" class=\"aligncenter\" title=\"\" src=\"http:\/\/www.photoethistoire.eu\/blogs\/media\/blogs\/a\/Reine-Edouard.jpg\" alt=\"\" width=\"346\" height=\"500\" \/><\/p>\n<p>Edouard, Georges <b>REINE<\/b> n\u00e9 le 13 juin 1892 \u2013 soldat de 2e classe au 39\u00b0 RI, il a \u00e9t\u00e9 tu\u00e9 \u00e0 Bouffioulx lors des combats du 22 ao\u00fbt 1914. Il \u00e9tait \u00e2g\u00e9 de 22 ans.<\/p>\n<\/div>\n<div class=\"image_block\">\n<p><img loading=\"lazy\" decoding=\"async\" class=\"aligncenter\" title=\"\" src=\"http:\/\/www.photoethistoire.eu\/blogs\/media\/blogs\/a\/Avisse.jpg\" alt=\"\" width=\"308\" height=\"500\" \/><\/p>\n<p>Eug\u00e8ne, Modeste <b>AVISSE<\/b> n\u00e9 le 15 mars 1891 \u2013 soldat de 2e classe au 153\u00b0 RI., il a \u00e9t\u00e9 tu\u00e9 \u00e0 l&rsquo;ennemi au combat du Mont Kemmel le 6 novembre 1914. Il \u00e9tait \u00e2g\u00e9 de 23 ans.<\/p>\n<\/div>\n<div class=\"image_block\">\n<p><img loading=\"lazy\" decoding=\"async\" class=\"aligncenter\" title=\"\" src=\"http:\/\/www.photoethistoire.eu\/blogs\/media\/blogs\/a\/lacointefiche.jpg\" alt=\"\" width=\"319\" height=\"500\" \/><\/p>\n<p>Henri, J\u00e9r\u00e9mie <b>LACOINTE<\/b> n\u00e9 le 19 janvier 1893 \u2013 soldat de 2e classe au 26\u00b0RI., il est d\u00e9c\u00e9d\u00e9, des suites de ses blessures de guerre, \u00e0 Woesten le 19 janvier 1915, le jour de ses 22 ans. Il est inhum\u00e9 dans le cimeti\u00e8re communal de Woesten<\/p>\n<\/div>\n<div class=\"image_block\">\n<p><img loading=\"lazy\" decoding=\"async\" class=\"aligncenter\" title=\"\" src=\"http:\/\/www.photoethistoire.eu\/blogs\/media\/blogs\/a\/cheron.jpg\" alt=\"\" width=\"342\" height=\"500\" \/><\/p>\n<p>Henri, L\u00e9opold <b>CH\u00c9RON<\/b> n\u00e9 le 7 octobre 1893 \u2013 capitaine au 143\u00b0 RI &#8211; tu\u00e9 \u00e0 l&rsquo;ennemi le 8 mai 1918 au sous-secteur de Hallebast. Il n&rsquo;\u00e9tait pas \u00e2g\u00e9 de 25 ans. Son corps a \u00e9t\u00e9 restitu\u00e9 \u00e0 sa famille et inhum\u00e9 dans le cimeti\u00e8re communal d&rsquo;Avremesnil<\/p>\n<\/div>\n<p>Fr\u00e9d\u00e9ric, Albert <b>GOUEL<\/b> n\u00e9 le 15 f\u00e9vrier 1891 \u00e0 St Pierre le Vieux mais habitait Avremesnil. Soldat de 2e classe au 24\u00b0 RI., il a disparu au combat \u00e0 Anderlues lors des batailles du 22 ao\u00fbt 1914. Il \u00e9tait \u00e2g\u00e9 de 23 ans.<\/p>\n<p>Un myst\u00e8re entoure le lieu de d\u00e9c\u00e8s de ce soldat voir<a href=\"https:\/\/www.photoethistoire.eu\/14-18\/2014\/11\/frederic-gouel\/\" target=\"_blank\"> <strong>ICI<\/strong><\/a><\/p>\n<p>Quant \u00e0 Eug\u00e8ne AVISSE s&rsquo;il n&rsquo;a pas \u00e9t\u00e9 rapatri\u00e9, il repose peut-\u00eatre dans l&rsquo;ossuaire du Mont Kemmel tandis que les restes d&rsquo;Edouard REINE pourraient \u00eatre inhum\u00e9s dans l&rsquo;ossuaire d&rsquo;une des n\u00e9cropoles fran\u00e7aises autour de Charleroi.<\/p>\n<div class=\"image_block\">\n<p><img loading=\"lazy\" decoding=\"async\" class=\"aligncenter\" title=\"\" src=\"http:\/\/www.photoethistoire.eu\/blogs\/media\/blogs\/a\/ossukemmel.jpg\" alt=\"\" width=\"600\" height=\"400\" \/><\/p>\n<p>5294 soldats fran\u00e7ais tomb\u00e9s \u00e0 Kemmel ou dans les environs reposent dans cet ossuaire.<br \/>\nSeuls 57 ont pu \u00eatre totalement ou partiellement identifi\u00e9s.<\/p>\n<hr \/>\n<\/div>\n<p>&#8211; Anderlues \u00e0 l&rsquo;Ouest de Charleroi<br \/>\n&#8211; Bouffioulx au Sud-Est de Charleroi<br \/>\n&#8211; Woesten au Nord-Ouest d&rsquo; Ypres<br \/>\n&#8211; Kemmel au Sud-Ouest d&rsquo;Ypres<br \/>\n&#8211; Sous secteur d&rsquo;Hallebast au Sud-Ouest d&rsquo;Ypres<\/p>\n<hr \/>\n<p>&nbsp;<\/p>\n","protected":false},"excerpt":{"rendered":"<p>Cinq jeunes hommes d&rsquo;Avremesnil sont tomb\u00e9s sur le sol de Belgique. Edouard, Georges REINE n\u00e9 le 13 juin 1892 \u2013 soldat de 2e classe au 39\u00b0 RI, il a \u00e9t\u00e9 tu\u00e9 \u00e0 Bouffioulx lors des combats du 22 ao\u00fbt 1914. &hellip; <a href=\"https:\/\/www.photoethistoire.eu\/14-18\/2008\/02\/les-avremesnilais-mort-pour-la-defense-de-la-belgique\/\">Lire la suite <span class=\"meta-nav\">&rarr;<\/span><\/a><\/p>\n","protected":false},"author":1,"featured_media":0,"comment_status":"closed","ping_status":"open","sticky":false,"template":"","format":"standard","meta":{"footnotes":""},"categories":[41],"tags":[],"class_list":["post-1039","post","type-post","status-publish","format-standard","hentry","category-avremesnil"],"_links":{"self":[{"href":"https:\/\/www.photoethistoire.eu\/14-18\/wp-json\/wp\/v2\/posts\/1039","targetHints":{"allow":["GET"]}}],"collection":[{"href":"https:\/\/www.photoethistoire.eu\/14-18\/wp-json\/wp\/v2\/posts"}],"about":[{"href":"https:\/\/www.photoethistoire.eu\/14-18\/wp-json\/wp\/v2\/types\/post"}],"author":[{"embeddable":true,"href":"https:\/\/www.photoethistoire.eu\/14-18\/wp-json\/wp\/v2\/users\/1"}],"replies":[{"embeddable":true,"href":"https:\/\/www.photoethistoire.eu\/14-18\/wp-json\/wp\/v2\/comments?post=1039"}],"version-history":[{"count":4,"href":"https:\/\/www.photoethistoire.eu\/14-18\/wp-json\/wp\/v2\/posts\/1039\/revisions"}],"predecessor-version":[{"id":1048,"href":"https:\/\/www.photoethistoire.eu\/14-18\/wp-json\/wp\/v2\/posts\/1039\/revisions\/1048"}],"wp:attachment":[{"href":"https:\/\/www.photoethistoire.eu\/14-18\/wp-json\/wp\/v2\/media?parent=1039"}],"wp:term":[{"taxonomy":"category","embeddable":true,"href":"https:\/\/www.photoethistoire.eu\/14-18\/wp-json\/wp\/v2\/categories?post=1039"},{"taxonomy":"post_tag","embeddable":true,"href":"https:\/\/www.photoethistoire.eu\/14-18\/wp-json\/wp\/v2\/tags?post=1039"}],"curies":[{"name":"wp","href":"https:\/\/api.w.org\/{rel}","templated":true}]}}