{"id":1042,"date":"2014-11-15T11:25:46","date_gmt":"2014-11-15T10:25:46","guid":{"rendered":"http:\/\/www.photoethistoire.eu\/14-18\/?p=1042"},"modified":"2016-05-20T09:01:29","modified_gmt":"2016-05-20T08:01:29","slug":"frederic-gouel","status":"publish","type":"post","link":"https:\/\/www.photoethistoire.eu\/14-18\/2014\/11\/frederic-gouel\/","title":{"rendered":"Frederic GOUEL"},"content":{"rendered":"<p><i><b>Mise \u00e0 jour de l&rsquo;article du 20\/09\/2008<\/b><\/i><\/p>\n<p>Jusqu&rsquo;ici un myst\u00e8re entourait le lieu (et la date) de d\u00e9c\u00e8s de ce soldat. En effet sa fiche de d\u00e9c\u00e8s le d\u00e9clare disparu lors des combats du 22 ao\u00fbt 1914 \u00e0 Anderlues. Disparition confirm\u00e9e par le jugement d\u00e9claratif du tribunal de Dieppe en date du 02\/02\/1921.<\/p>\n<div class=\"image_block\"><img loading=\"lazy\" decoding=\"async\" class=\"aligncenter\" title=\"\" src=\"http:\/\/www.photoethistoire.eu\/blogs\/media\/blogs\/a\/gouel-frederic.jpg\" alt=\"\" width=\"376\" height=\"600\" \/><br \/>\n<em>Sources : SGA\/DMPA\/M\u00e9moire des hommes<\/em><\/div>\n<p>Cependant il existe une fiche de s\u00e9pulture au nom de ce m\u00eame soldat, indiquant qu&rsquo;il a \u00e9t\u00e9 inhum\u00e9 \u00e0 Guise (Aisne)<\/p>\n<div class=\"image_block\"><img loading=\"lazy\" decoding=\"async\" class=\"aligncenter\" title=\"\" src=\"http:\/\/www.photoethistoire.eu\/blogs\/media\/blogs\/a\/gouel-frederic2.jpg\" alt=\"\" width=\"600\" height=\"406\" \/><\/div>\n<p>Le 24e se trouvait bien engag\u00e9 les 22 et 23 ao\u00fbt 1914 dans les combats de la bataille de Charleroi (notamment \u00e0 Anderlues) mais on le retrouve quelques jours plus tard dans la fameuse \u00ab\u00a0Bataille de Guise\u00a0\u00bb des 28 et 29 ao\u00fbt.<\/p>\n<p>Dans l&rsquo;article \u00e9crit en 2008, j&rsquo;\u00e9mettais deux hypoth\u00e8ses :<\/p>\n<p>1) Ce soldat a \u00e9t\u00e9 bless\u00e9 \u00e0 Charleroi, \u00e9vacu\u00e9 et d\u00e9c\u00e9d\u00e9 le m\u00eame jour dans un h\u00f4pital de l&rsquo;arri\u00e8re.<\/p>\n<p>2) Il y a eu erreur sur la personne (ce qu&rsquo;on peut tr\u00e8s bien comprendre dans le contexte des tragiques et sanglantes journ\u00e9es d&rsquo;ao\u00fbt 14). Ce soldat aurait donc \u00e9t\u00e9 consid\u00e9r\u00e9 comme disparu alors qu&rsquo;il \u00e9tait vivant le 22 ao\u00fbt serait d\u00e9c\u00e9d\u00e9 d&rsquo;un combat quelques jours plus tard<\/p>\n<p>En d\u00e9cembre 2012 Mr Coupeau (voir commentaire ci-dessous) m&rsquo;avait d\u00e9j\u00e0 fait part des \u00e9l\u00e9ments repris sur sa fiche matricule. Qu&rsquo;il en soit remerci\u00e9.<\/p>\n<p>Et la r\u00e9cente mise en ligne des fiches de la Croix Rouge m&rsquo;a permis d&rsquo;y voir encore plus clair. Ces fiches confirment le d\u00e9c\u00e8s de ce soldat en date du 28 ao\u00fbt 1914.<\/p>\n<p>Ce qui me permet aujourd&rsquo;hui d&rsquo;\u00e9mettre l&rsquo;hypoth\u00e8se que Fr\u00e9d\u00e9ric Gouel est vraisemblablement d\u00e9c\u00e9d\u00e9 des suites de ses blessures \u00e0 cette date dans un poste de secours ou un h\u00f4pital allemand install\u00e9 dans la commune de Flavigny-le-Petit.<\/p>\n<p>Un \u00e9l\u00e9ment corrobore cette derni\u00e8re : les renseignements fournis par la Croix Rouge concernant son lieu d&rsquo;inhumation sont les m\u00eames que ceux repris sur sa fiche matricule. A savoir : Fr\u00e9d\u00e9ric Gouel a \u00e9t\u00e9 inhum\u00e9 au lieu dit \u00ab\u00a0La D\u00e9solation\u00a0\u00bb \u00e0 Flavigny-le-Petit (dans ce qui \u00e9tait, \u00e0 l&rsquo;\u00e9poque, un cimeti\u00e8re militaire allemand, tb 520) (2).<\/p>\n<p>Ce cimeti\u00e8re est aujourd&rsquo;hui une n\u00e9cropole nationale o\u00f9 Fr\u00e9d\u00e9ric repose tb 981.<\/p>\n<hr \/>\n<p>(1) Source : Archives d\u00e9partementales de Seine-Maritime<br \/>\n(2) Ce cimeti\u00e8re a en effet \u00e9t\u00e9 cr\u00e9\u00e9 par les Allemands en ao\u00fbt 1914.<\/p>\n<p>A noter dans cette n\u00e9cropole, les corps des soldats fran\u00e7ais et allemands reposent ensemble aupr\u00e8s de combattants belges, britanniques, russes et d&rsquo;un soldat roumain. Des combattants de 40-45 y sont \u00e9galement inhum\u00e9s.<\/p>\n<p><i>(source :http:\/\/www.cheminsdememoire.gouv.fr\/fr\/la-desolation)<\/i><\/p>\n<hr \/>\n<p>&nbsp;<\/p>\n","protected":false},"excerpt":{"rendered":"<p>Mise \u00e0 jour de l&rsquo;article du 20\/09\/2008 Jusqu&rsquo;ici un myst\u00e8re entourait le lieu (et la date) de d\u00e9c\u00e8s de ce soldat. En effet sa fiche de d\u00e9c\u00e8s le d\u00e9clare disparu lors des combats du 22 ao\u00fbt 1914 \u00e0 Anderlues. Disparition &hellip; <a href=\"https:\/\/www.photoethistoire.eu\/14-18\/2014\/11\/frederic-gouel\/\">Lire la suite <span class=\"meta-nav\">&rarr;<\/span><\/a><\/p>\n","protected":false},"author":1,"featured_media":0,"comment_status":"closed","ping_status":"open","sticky":false,"template":"","format":"standard","meta":{"footnotes":""},"categories":[41],"tags":[],"class_list":["post-1042","post","type-post","status-publish","format-standard","hentry","category-avremesnil"],"_links":{"self":[{"href":"https:\/\/www.photoethistoire.eu\/14-18\/wp-json\/wp\/v2\/posts\/1042","targetHints":{"allow":["GET"]}}],"collection":[{"href":"https:\/\/www.photoethistoire.eu\/14-18\/wp-json\/wp\/v2\/posts"}],"about":[{"href":"https:\/\/www.photoethistoire.eu\/14-18\/wp-json\/wp\/v2\/types\/post"}],"author":[{"embeddable":true,"href":"https:\/\/www.photoethistoire.eu\/14-18\/wp-json\/wp\/v2\/users\/1"}],"replies":[{"embeddable":true,"href":"https:\/\/www.photoethistoire.eu\/14-18\/wp-json\/wp\/v2\/comments?post=1042"}],"version-history":[{"count":3,"href":"https:\/\/www.photoethistoire.eu\/14-18\/wp-json\/wp\/v2\/posts\/1042\/revisions"}],"predecessor-version":[{"id":1045,"href":"https:\/\/www.photoethistoire.eu\/14-18\/wp-json\/wp\/v2\/posts\/1042\/revisions\/1045"}],"wp:attachment":[{"href":"https:\/\/www.photoethistoire.eu\/14-18\/wp-json\/wp\/v2\/media?parent=1042"}],"wp:term":[{"taxonomy":"category","embeddable":true,"href":"https:\/\/www.photoethistoire.eu\/14-18\/wp-json\/wp\/v2\/categories?post=1042"},{"taxonomy":"post_tag","embeddable":true,"href":"https:\/\/www.photoethistoire.eu\/14-18\/wp-json\/wp\/v2\/tags?post=1042"}],"curies":[{"name":"wp","href":"https:\/\/api.w.org\/{rel}","templated":true}]}}