{"id":1049,"date":"2008-02-12T15:23:49","date_gmt":"2008-02-12T14:23:49","guid":{"rendered":"http:\/\/www.photoethistoire.eu\/14-18\/?p=1049"},"modified":"2016-05-20T09:08:10","modified_gmt":"2016-05-20T08:08:10","slug":"la-memoire-du-lochnagar-crater-somme","status":"publish","type":"post","link":"https:\/\/www.photoethistoire.eu\/14-18\/2008\/02\/la-memoire-du-lochnagar-crater-somme\/","title":{"rendered":"La m\u00e9moire du Lochnagar Crater (Somme)"},"content":{"rendered":"<p>Pour rendre hommage \u00e0 la m\u00e9moire de leurs soldats tomb\u00e9s au front, les Britanniques ont d&rsquo;\u00e9mouvantes traditions.<\/p>\n<p>Sur les lieux de souvenir (monuments, plaques comm\u00e9moratives&#8230;) et, dans les cimeti\u00e8res, au pied des tombes; sont d\u00e9pos\u00e9es tant\u00f4t des petites croix de bois orn\u00e9es d&rsquo;un coquelicot, tant\u00f4t des petites couronnes de coquelicot. On les trouve le plus souvent marqu\u00e9es au nom du soldat dont on veut saluer la m\u00e9moire.<\/p>\n<p>Il n&rsquo;est pas rare non plus de voir de semblables hommages d\u00e9pos\u00e9s par nos amis britanniques dans des cimeti\u00e8res, des n\u00e9cropoles fran\u00e7aises ou encore au pied d&rsquo;une s\u00e9pulture isol\u00e9e.<\/p>\n<div class=\"image_block\"><img loading=\"lazy\" decoding=\"async\" class=\"aligncenter\" title=\"\" src=\"http:\/\/www.photoethistoire.eu\/blogs\/media\/blogs\/a\/monuments\/lochnagcroix.jpg\" alt=\"\" width=\"400\" height=\"600\" \/><\/div>\n<p>Au pied de la grande croix qui domine l&rsquo;imposant crat\u00e8re on d\u00e9couvre, form\u00e9 par les dizaines de couronnes d\u00e9pos\u00e9es c\u00f4te \u00e0 c\u00f4te, un \u00e9mouvant tapis de coquelicots. Et sur la grande croix, une multitudes de petites croix de bois.<\/p>\n<div class=\"image_block\">\n<p><img loading=\"lazy\" decoding=\"async\" class=\"aligncenter\" title=\"\" src=\"http:\/\/www.photoethistoire.eu\/blogs\/media\/blogs\/a\/monuments\/lochptitcroix1.jpg\" alt=\"\" width=\"600\" height=\"400\" \/><\/p>\n<p>Hector Lefebvre tomb\u00e9 le 11 novembre 1918 et le dernier des soldats belges tu\u00e9s durant ce conflit<\/p>\n<\/div>\n<div class=\"image_block\">\n<p><img loading=\"lazy\" decoding=\"async\" class=\"aligncenter\" title=\"\" src=\"http:\/\/www.photoethistoire.eu\/blogs\/media\/blogs\/a\/monuments\/lochptitcroix2.jpg\" alt=\"\" width=\"400\" height=\"600\" \/><\/p>\n<p>Georges Price, soldat canadien, tu\u00e9 deux minutes avant le cessez-le-feu du 11 novembre 1918 dans le village de Villers sur Haine (1). Il est inhum\u00e9 au cimeti\u00e8re de St Symphorien<\/p>\n<\/div>\n<div class=\"image_block\">\n<p><img loading=\"lazy\" decoding=\"async\" class=\"aligncenter\" title=\"\" src=\"http:\/\/www.photoethistoire.eu\/blogs\/media\/blogs\/a\/monuments\/lochptitcroix3.jpg\" alt=\"\" width=\"400\" height=\"600\" \/><\/p>\n<p>La croix \u00e0 la m\u00e9moire de John Parr, le premier soldat britannique tu\u00e9 \u00e0 la guerre 14-18.<br \/>\nC&rsquo;\u00e9tait le 21 ao\u00fbt 1914 du c\u00f4t\u00e9 de Obourg (NE de Mons).\u00a0Il est lui aussi inhum\u00e9 au cimeti\u00e8re de St Symphorien.<\/p>\n<\/div>\n<div class=\"image_block\"><img loading=\"lazy\" decoding=\"async\" class=\"aligncenter\" title=\"\" src=\"http:\/\/www.photoethistoire.eu\/blogs\/media\/blogs\/a\/monuments\/lochnafrancais.jpg\" alt=\"\" width=\"600\" height=\"400\" \/><\/div>\n<p>Hommage \u00e0 Auguste Tr\u00e9buchon, agent de liaison frapp\u00e9 d&rsquo;une balle dans la t\u00eate 10 minutes avant que r\u00e9sonne le clairon annon\u00e7ant le cessez-le-feu. Il fut tu\u00e9 alors qu&rsquo;il allait porter l&rsquo;ordre de rassembler son r\u00e9giment.<\/p>\n<div class=\"image_block\"><img loading=\"lazy\" decoding=\"async\" class=\"aligncenter\" title=\"\" src=\"http:\/\/www.photoethistoire.eu\/blogs\/media\/blogs\/a\/monuments\/lochnacroix2.jpg\" alt=\"\" width=\"600\" height=\"400\" \/><\/div>\n<p>Chaque 1er juillet \u00e0 7h30 une c\u00e9r\u00e9monie a lieu \u00e0 cet endroit pour comm\u00e9morer le souvenir des soldats de la grande offensive de la Somme. Le 1er juillet 1916 \u00e0 7h30 pr\u00e9cise les soldats sortirent des tranch\u00e9es pour se lancer \u00e0 l&rsquo;assaut des lignes allemandes. Plusieurs milliers d&rsquo;entre eux perdirent la vie ce jour-l\u00e0.<\/p>\n<hr \/>\n<p><em>(1) Belgique-Province du Hainaut<\/em><\/p>\n<hr \/>\n<p>&nbsp;<\/p>\n","protected":false},"excerpt":{"rendered":"<p>Pour rendre hommage \u00e0 la m\u00e9moire de leurs soldats tomb\u00e9s au front, les Britanniques ont d&rsquo;\u00e9mouvantes traditions. Sur les lieux de souvenir (monuments, plaques comm\u00e9moratives&#8230;) et, dans les cimeti\u00e8res, au pied des tombes; sont d\u00e9pos\u00e9es tant\u00f4t des petites croix de &hellip; <a href=\"https:\/\/www.photoethistoire.eu\/14-18\/2008\/02\/la-memoire-du-lochnagar-crater-somme\/\">Lire la suite <span class=\"meta-nav\">&rarr;<\/span><\/a><\/p>\n","protected":false},"author":1,"featured_media":0,"comment_status":"closed","ping_status":"open","sticky":false,"template":"","format":"standard","meta":{"footnotes":""},"categories":[1],"tags":[],"class_list":["post-1049","post","type-post","status-publish","format-standard","hentry","category-chemins"],"_links":{"self":[{"href":"https:\/\/www.photoethistoire.eu\/14-18\/wp-json\/wp\/v2\/posts\/1049","targetHints":{"allow":["GET"]}}],"collection":[{"href":"https:\/\/www.photoethistoire.eu\/14-18\/wp-json\/wp\/v2\/posts"}],"about":[{"href":"https:\/\/www.photoethistoire.eu\/14-18\/wp-json\/wp\/v2\/types\/post"}],"author":[{"embeddable":true,"href":"https:\/\/www.photoethistoire.eu\/14-18\/wp-json\/wp\/v2\/users\/1"}],"replies":[{"embeddable":true,"href":"https:\/\/www.photoethistoire.eu\/14-18\/wp-json\/wp\/v2\/comments?post=1049"}],"version-history":[{"count":3,"href":"https:\/\/www.photoethistoire.eu\/14-18\/wp-json\/wp\/v2\/posts\/1049\/revisions"}],"predecessor-version":[{"id":1052,"href":"https:\/\/www.photoethistoire.eu\/14-18\/wp-json\/wp\/v2\/posts\/1049\/revisions\/1052"}],"wp:attachment":[{"href":"https:\/\/www.photoethistoire.eu\/14-18\/wp-json\/wp\/v2\/media?parent=1049"}],"wp:term":[{"taxonomy":"category","embeddable":true,"href":"https:\/\/www.photoethistoire.eu\/14-18\/wp-json\/wp\/v2\/categories?post=1049"},{"taxonomy":"post_tag","embeddable":true,"href":"https:\/\/www.photoethistoire.eu\/14-18\/wp-json\/wp\/v2\/tags?post=1049"}],"curies":[{"name":"wp","href":"https:\/\/api.w.org\/{rel}","templated":true}]}}