{"id":107,"date":"2008-07-18T13:06:52","date_gmt":"2008-07-18T12:06:52","guid":{"rendered":"http:\/\/www.photoethistoire.eu\/14-18\/?p=107"},"modified":"2016-05-20T09:07:52","modified_gmt":"2016-05-20T08:07:52","slug":"arrivee-au-camp-de-mailly","status":"publish","type":"post","link":"https:\/\/www.photoethistoire.eu\/14-18\/2008\/07\/arrivee-au-camp-de-mailly\/","title":{"rendered":"Arriv\u00e9e au camp de Mailly"},"content":{"rendered":"<p>Le r\u00e9giment d\u00e9barque au camp de Mailly le 4 avril et il est tr\u00e8s vite pass\u00e9 en revue par le G\u00e9n\u00e9ral de Langle de Carry commandant de la IV Arm\u00e9e. (*)<\/p>\n<p>A cette date Henri Autin note :<\/p>\n<blockquote><p>8h d\u00e9barquement camp de Mailly d\u00e9fil\u00e9 devant le g\u00e9n\u00e9ral commandant le camp &#8211; de la boue jusque \u00e0 la cheville.<\/p>\n<p>Je suis surpris de trouver le logement aussi confortable alors que je m&rsquo;attendais \u00e0 coucher sous la tente et sur la paille. Nous sommes log\u00e9s dans des b\u00e2timents tout \u00e0 fait modernes et nous avons des draps et de bons lits. Toute l&rsquo;apr\u00e8s-midi se passe en revue sur revue. Arme, propret\u00e9, etc<\/p><\/blockquote>\n<p>Le 403e est inform\u00e9 qu&rsquo;il formera, avec le 410e R.I., la 301e Brigade d&rsquo;Infanterie et qu&rsquo;il d\u00e9pendra de la 151e Division.<\/p>\n<div class=\"image_block\"><img loading=\"lazy\" decoding=\"async\" class=\"aligncenter\" title=\"\" src=\"http:\/\/www.photoethistoire.eu\/blogs\/media\/blogs\/b\/CpMailly1907h.jpg\" alt=\"\" width=\"600\" height=\"189\" \/><\/div>\n","protected":false},"excerpt":{"rendered":"<p>Le r\u00e9giment d\u00e9barque au camp de Mailly le 4 avril et il est tr\u00e8s vite pass\u00e9 en revue par le G\u00e9n\u00e9ral de Langle de Carry commandant de la IV Arm\u00e9e. (*) A cette date Henri Autin note : 8h d\u00e9barquement &hellip; <a href=\"https:\/\/www.photoethistoire.eu\/14-18\/2008\/07\/arrivee-au-camp-de-mailly\/\">Lire la suite <span class=\"meta-nav\">&rarr;<\/span><\/a><\/p>\n","protected":false},"author":1,"featured_media":0,"comment_status":"closed","ping_status":"open","sticky":false,"template":"","format":"standard","meta":{"footnotes":""},"categories":[30],"tags":[],"class_list":["post-107","post","type-post","status-publish","format-standard","hentry","category-forma"],"_links":{"self":[{"href":"https:\/\/www.photoethistoire.eu\/14-18\/wp-json\/wp\/v2\/posts\/107","targetHints":{"allow":["GET"]}}],"collection":[{"href":"https:\/\/www.photoethistoire.eu\/14-18\/wp-json\/wp\/v2\/posts"}],"about":[{"href":"https:\/\/www.photoethistoire.eu\/14-18\/wp-json\/wp\/v2\/types\/post"}],"author":[{"embeddable":true,"href":"https:\/\/www.photoethistoire.eu\/14-18\/wp-json\/wp\/v2\/users\/1"}],"replies":[{"embeddable":true,"href":"https:\/\/www.photoethistoire.eu\/14-18\/wp-json\/wp\/v2\/comments?post=107"}],"version-history":[{"count":1,"href":"https:\/\/www.photoethistoire.eu\/14-18\/wp-json\/wp\/v2\/posts\/107\/revisions"}],"predecessor-version":[{"id":108,"href":"https:\/\/www.photoethistoire.eu\/14-18\/wp-json\/wp\/v2\/posts\/107\/revisions\/108"}],"wp:attachment":[{"href":"https:\/\/www.photoethistoire.eu\/14-18\/wp-json\/wp\/v2\/media?parent=107"}],"wp:term":[{"taxonomy":"category","embeddable":true,"href":"https:\/\/www.photoethistoire.eu\/14-18\/wp-json\/wp\/v2\/categories?post=107"},{"taxonomy":"post_tag","embeddable":true,"href":"https:\/\/www.photoethistoire.eu\/14-18\/wp-json\/wp\/v2\/tags?post=107"}],"curies":[{"name":"wp","href":"https:\/\/api.w.org\/{rel}","templated":true}]}}