{"id":1100,"date":"2007-11-15T16:36:02","date_gmt":"2007-11-15T15:36:02","guid":{"rendered":"http:\/\/www.photoethistoire.eu\/14-18\/?p=1100"},"modified":"2016-05-20T09:08:56","modified_gmt":"2016-05-20T08:08:56","slug":"1100","status":"publish","type":"post","link":"https:\/\/www.photoethistoire.eu\/14-18\/2007\/11\/1100\/","title":{"rendered":"Evacuation des bless\u00e9s en 14-18"},"content":{"rendered":"<p>Bref r\u00e9sum\u00e9 sur le syst\u00e8me d&rsquo;\u00e9vacuation des bless\u00e9s du front.<\/p>\n<p>Sur plusieurs fiches de soldats malheureusement morts des suites de leurs blessures on peut souvent lire qu&rsquo;ils sont d\u00e9c\u00e9d\u00e9s soit dans un h\u00f4pital provisoire, soit dans une ambulance. Ce qui m&rsquo;a amen\u00e9e \u00e0 me poser la question suivante : comment se passait l&rsquo;\u00e9vacuation des bless\u00e9s depuis le front ?<\/p>\n<p>Les premiers intervenants sont les brancardiers qui \u00ab\u00a0rel\u00e8vent\u00a0\u00bb les bless\u00e9s sur le champ de bataille et les \u00e9vacuent vers les postes de secours.<\/p>\n<p>Les postes de secours : ils sont plac\u00e9s non loin des premi\u00e8res lignes \u00e0 l&rsquo;abri du feu, les premiers soins y sont donn\u00e9s par des m\u00e9decins et infirmi\u00e8res. Ensuite les bless\u00e9s sont dirig\u00e9s vers les \u00ab ambulances \u00bbsitu\u00e9es non loin de l&rsquo;unit\u00e9 \u00e0 laquelle elles appartiennent.<\/p>\n<p>Les \u00ab ambulances \u00bb : dans le language du service de sant\u00e9 en temps de guerre ce ne sont pas, comme on pourrait le penser, des v\u00e9hicules mais bien des h\u00f4pitaux avec \u00e0 leur t\u00eate un m\u00e9decin-chef ayant sous ses ordres plusieurs m\u00e9decins et infirmi\u00e8res responsables de diff\u00e9rents services qui proc\u00e8dent \u00e0 la r\u00e9ception, au \u00ab triage \u00bb des bless\u00e9s et enfin aux op\u00e9rations d&rsquo;urgence.<\/p>\n<p>Les bless\u00e9s sont alors dirig\u00e9s vers un h\u00f4pital dit \u00ab d&rsquo;\u00e9vacuation \u00bb puis vers les h\u00f4pitaux de l&rsquo;arri\u00e8re.<\/p>\n<p>Notons que parmi les \u00ab\u00a0moins touch\u00e9s\u00a0\u00bb, apr\u00e8s une convalescence plus ou moins longue selon les cas, ceux qui sont reconnus aptes pour le service sont renvoy\u00e9s au front.<\/p>\n<p>Un exemple : le r\u00e9cit du soldat Henri Autin bless\u00e9 au combat pr\u00e8s de Reims en septembre 1914<\/p>\n<blockquote><p><strong>27 septembre<\/strong><\/p>\n<p>4 1\/2 du soir je suis touch\u00e9 \u00e0 la cuisse gauche par un \u00e9clat d&rsquo;obus, mon camarade de combat, un nomm\u00e9 Coll\u00e9 de Luneray vient \u00e0 mon secours et me panse<\/p>\n<p>6h 1\/2 je quitte le terrain pour trouver le poste de secours, je rampe quelques m\u00e8tres mais je ne vais pas loin, heureusement arrive une corv\u00e9 d&rsquo;eau qui me transporte jusqu&rsquo;au poste &#8211; 1er pansement, pas d&rsquo;infirmier et coucher dans une \u00e9table.<\/p>\n<p>11h changer de pi\u00e8ce pour faire place aux autres, je suis tr\u00e8s fi\u00e8vreux et bois sans raison. Heureusement il n&rsquo;y a plus d&rsquo;eau dans mon bidon, je ne boirai plus<\/p>\n<p><strong>28 septembre<\/strong><\/p>\n<p>6h du matin, je n&rsquo;ai pas dormi, j&rsquo;ai eu trop froid, je ne peux pas m&rsquo;allonger, ni replier la jambe, mais je ne souffre pas trop, on va m&rsquo;\u00e9vacuer; pour cette fois, j&rsquo;ai la vie sauve.<\/p>\n<p>7h nous partons \u00e0 6 sur une charette vers l&rsquo;ambulance de Chenay-L\u00e0 une tasse de bouillon-un pansement-et en autobus je gagne la gare de Muizon on me couche par terre avec d&rsquo;autres bless\u00e9s et j&rsquo;y reste de 11h \u00e0 midi, l&rsquo;heure qu&rsquo;on commence \u00e0 former le train.<\/p>\n<p>A 2h le train s&rsquo;\u00e9branle, je pousse un soupir de soulagement car j&rsquo;ai h\u00e2te de me faire enlever ce qui m&rsquo;est entr\u00e9 dans les chairs.<\/p>\n<p><strong>29 septembre<\/strong><\/p>\n<p>La nuit s&rsquo;est pass\u00e9e tant bien que mal, nous n&rsquo;avons qu&rsquo;un souci, c&rsquo;est l&rsquo;arriv\u00e9e \u00e0 l&rsquo;h\u00f4pital. Nous passons Ch\u00e2teau-Thierry et apprenons que nous allons dans le Loir et Cher &#8211; A Blois le train se d\u00e9double et je vais \u00e0 Romorantin.<\/p>\n<p>A 11h du soir arriv\u00e9e. Ce sont les premiers bless\u00e9s qui sont dans cette ville, et tout le monde est sur pied pour nous attendre. Je suis dirig\u00e9 sur l&rsquo;h\u00f4pital 17 et couch\u00e9 sur un bon lit. C&rsquo;est la 1\u00e8re fois depuis que j&rsquo;ai quitt\u00e9 mes tr\u00e8s chers, une raison de plus pour penser \u00e0 eux.<\/p><\/blockquote>\n<p>L&rsquo;\u00e9clat d&rsquo;obus ne pourra \u00eatre extrait\u00a0que le 12 octobre. Henri restera \u00e0 l&rsquo;h\u00f4pital 17 de Romorantin jusqu&rsquo;au 18 d\u00e9cembre date \u00e0 laquelle il est envoy\u00e9 en convalescence jusqu&rsquo;au 13 janvier 1915. Reconnu \u00e0 nouveau bon pour le service, il retourne au front et sera tu\u00e9 au combat le 19 juillet de la m\u00eame ann\u00e9e.<\/p>\n","protected":false},"excerpt":{"rendered":"<p>Bref r\u00e9sum\u00e9 sur le syst\u00e8me d&rsquo;\u00e9vacuation des bless\u00e9s du front. Sur plusieurs fiches de soldats malheureusement morts des suites de leurs blessures on peut souvent lire qu&rsquo;ils sont d\u00e9c\u00e9d\u00e9s soit dans un h\u00f4pital provisoire, soit dans une ambulance. Ce qui &hellip; <a href=\"https:\/\/www.photoethistoire.eu\/14-18\/2007\/11\/1100\/\">Lire la suite <span class=\"meta-nav\">&rarr;<\/span><\/a><\/p>\n","protected":false},"author":1,"featured_media":0,"comment_status":"closed","ping_status":"open","sticky":false,"template":"","format":"standard","meta":{"footnotes":""},"categories":[1],"tags":[],"class_list":["post-1100","post","type-post","status-publish","format-standard","hentry","category-chemins"],"_links":{"self":[{"href":"https:\/\/www.photoethistoire.eu\/14-18\/wp-json\/wp\/v2\/posts\/1100","targetHints":{"allow":["GET"]}}],"collection":[{"href":"https:\/\/www.photoethistoire.eu\/14-18\/wp-json\/wp\/v2\/posts"}],"about":[{"href":"https:\/\/www.photoethistoire.eu\/14-18\/wp-json\/wp\/v2\/types\/post"}],"author":[{"embeddable":true,"href":"https:\/\/www.photoethistoire.eu\/14-18\/wp-json\/wp\/v2\/users\/1"}],"replies":[{"embeddable":true,"href":"https:\/\/www.photoethistoire.eu\/14-18\/wp-json\/wp\/v2\/comments?post=1100"}],"version-history":[{"count":7,"href":"https:\/\/www.photoethistoire.eu\/14-18\/wp-json\/wp\/v2\/posts\/1100\/revisions"}],"predecessor-version":[{"id":1234,"href":"https:\/\/www.photoethistoire.eu\/14-18\/wp-json\/wp\/v2\/posts\/1100\/revisions\/1234"}],"wp:attachment":[{"href":"https:\/\/www.photoethistoire.eu\/14-18\/wp-json\/wp\/v2\/media?parent=1100"}],"wp:term":[{"taxonomy":"category","embeddable":true,"href":"https:\/\/www.photoethistoire.eu\/14-18\/wp-json\/wp\/v2\/categories?post=1100"},{"taxonomy":"post_tag","embeddable":true,"href":"https:\/\/www.photoethistoire.eu\/14-18\/wp-json\/wp\/v2\/tags?post=1100"}],"curies":[{"name":"wp","href":"https:\/\/api.w.org\/{rel}","templated":true}]}}