{"id":111,"date":"2008-07-20T15:10:50","date_gmt":"2008-07-20T14:10:50","guid":{"rendered":"http:\/\/www.photoethistoire.eu\/14-18\/?p=111"},"modified":"2025-10-30T16:38:11","modified_gmt":"2025-10-30T15:38:11","slug":"depart-pour-le-front","status":"publish","type":"post","link":"https:\/\/www.photoethistoire.eu\/14-18\/2008\/07\/depart-pour-le-front\/","title":{"rendered":"D\u00e9part pour le front"},"content":{"rendered":"<p>Au soir du 12 avril, les hommes n&rsquo;en sont pas encore certains et chez les bleuets de la classe 15 on esp\u00e8re peut-\u00eatre que l&rsquo;on va retarder encore un peu l&rsquo;\u00e9ch\u00e9ance mais au fond d&rsquo;eux-m\u00eames tous le ressentent&#8230;, ils se pr\u00e9parent \u00e0 partir pour le front !<\/p>\n<p>Extraits du carnet de campagne du caporal Henri Autin :<\/p>\n<blockquote>\n<blockquote><p>13 avril<\/p>\n<p>1h au matin r\u00e9veil, je suis un peu courbatur\u00e9 mais cependant j&rsquo;ai bien dormi, je suis de jus et vais le chercher \u00e0 150 m\u00e8tre de l\u00e0, je le distribue \u00e0 l&rsquo;escouade. Nous nous appr\u00eatons et \u00e0 2h1\/4 nous sommes rassembl\u00e9s \u00e0 la lizi\u00e8re de Sommessous et apprenons que nous n&#8217;embarquerons qu&rsquo;\u00e0 10h1\/2. Une corv\u00e9e s&rsquo;organise et l&rsquo;on fait le jus \u00e0 8h : je le trouve excellent. Un bruit se r\u00e9pand que notre r\u00e9giment fait le tour pour Noisy- le- sec pour prendre quelle directon ? On n&rsquo;en sait rien &#8211; Enfin ! Il ne faut pas chercher \u00e0 comprendre.<\/p>\n<p>Mes petits camarades de la classe 15 peuvent observer les r\u00e9sultats de la bataille de la Marne, les maisons du village sont d\u00e9molies et la route est jalonn\u00e9e de tombes.<\/p>\n<p>&nbsp;<\/p>\n<p>Dans un parc une tombe de 25 allemands<\/p>\n<p>Dans un jardin une de 29 fran\u00e7ais et une autre de 14 allemands.<\/p>\n<p>10h1\/2 embarquement<\/p>\n<p>11h en route pour Noisy-le-sec en passant par la for\u00eat champenoise.<\/p>\n<p>Lintes, S\u00e9zanne 10 minutes d&rsquo;arr\u00eat, je n&rsquo;ai jamais \u00e9t\u00e9 aussi malpropre, nous sommes 42 entass\u00e9s dans un wagon \u00e0 bestiaux<\/p>\n<p>3h nous passons Ossernay- La Fert\u00e9 -Gaucher -Toulommens -Guerain -Marles arr\u00eat de \u00be une bo\u00eete singe pour 2, 1 quart de jus et en route pour La Ferri\u00e8re- Nogent s\/Marne et Noissy-le-sec, arriv\u00e9e 7h du soir<\/p>\n<p>8h direction Nord en passant par Chantilly Pierre de Creil.<\/p><\/blockquote>\n<\/blockquote>\n<p>&nbsp;<\/p>\n<div class=\"image_block\"><img loading=\"lazy\" decoding=\"async\" class=\"aligncenter\" title=\"\" src=\"http:\/\/www.photoethistoire.eu\/blogs\/media\/blogs\/b\/tbsommesous.jpg\" alt=\"\" width=\"400\" height=\"526\" \/><\/div>\n<div class=\"image_block\" style=\"text-align: center;\"><em>Pr\u00e8s de Sommesous, dans les champs aux abords de la route,<\/em><br \/>\n<em>les tombes de soldats et d&rsquo;officier tomb\u00e9s en septembre 1914<\/em><\/div>\n<div class=\"image_block\" style=\"text-align: center;\"><\/div>\n<div id=\"ConnectiveDocSignExtentionInstalled\" data-extension-version=\"1.0.4\"><\/div>\n","protected":false},"excerpt":{"rendered":"<p>Au soir du 12 avril, les hommes n&rsquo;en sont pas encore certains et chez les bleuets de la classe 15 on esp\u00e8re peut-\u00eatre que l&rsquo;on va retarder encore un peu l&rsquo;\u00e9ch\u00e9ance mais au fond d&rsquo;eux-m\u00eames tous le ressentent&#8230;, ils se &hellip; <a href=\"https:\/\/www.photoethistoire.eu\/14-18\/2008\/07\/depart-pour-le-front\/\">Lire la suite <span class=\"meta-nav\">&rarr;<\/span><\/a><\/p>\n","protected":false},"author":1,"featured_media":0,"comment_status":"closed","ping_status":"open","sticky":false,"template":"","format":"standard","meta":{"footnotes":""},"categories":[30],"tags":[],"class_list":["post-111","post","type-post","status-publish","format-standard","hentry","category-forma"],"_links":{"self":[{"href":"https:\/\/www.photoethistoire.eu\/14-18\/wp-json\/wp\/v2\/posts\/111","targetHints":{"allow":["GET"]}}],"collection":[{"href":"https:\/\/www.photoethistoire.eu\/14-18\/wp-json\/wp\/v2\/posts"}],"about":[{"href":"https:\/\/www.photoethistoire.eu\/14-18\/wp-json\/wp\/v2\/types\/post"}],"author":[{"embeddable":true,"href":"https:\/\/www.photoethistoire.eu\/14-18\/wp-json\/wp\/v2\/users\/1"}],"replies":[{"embeddable":true,"href":"https:\/\/www.photoethistoire.eu\/14-18\/wp-json\/wp\/v2\/comments?post=111"}],"version-history":[{"count":3,"href":"https:\/\/www.photoethistoire.eu\/14-18\/wp-json\/wp\/v2\/posts\/111\/revisions"}],"predecessor-version":[{"id":2524,"href":"https:\/\/www.photoethistoire.eu\/14-18\/wp-json\/wp\/v2\/posts\/111\/revisions\/2524"}],"wp:attachment":[{"href":"https:\/\/www.photoethistoire.eu\/14-18\/wp-json\/wp\/v2\/media?parent=111"}],"wp:term":[{"taxonomy":"category","embeddable":true,"href":"https:\/\/www.photoethistoire.eu\/14-18\/wp-json\/wp\/v2\/categories?post=111"},{"taxonomy":"post_tag","embeddable":true,"href":"https:\/\/www.photoethistoire.eu\/14-18\/wp-json\/wp\/v2\/tags?post=111"}],"curies":[{"name":"wp","href":"https:\/\/api.w.org\/{rel}","templated":true}]}}