{"id":1113,"date":"2007-10-29T16:47:53","date_gmt":"2007-10-29T15:47:53","guid":{"rendered":"http:\/\/www.photoethistoire.eu\/14-18\/?p=1113"},"modified":"2016-05-20T09:08:56","modified_gmt":"2016-05-20T08:08:56","slug":"william-reynolds","status":"publish","type":"post","link":"https:\/\/www.photoethistoire.eu\/14-18\/2007\/10\/william-reynolds\/","title":{"rendered":"William REYNOLDS"},"content":{"rendered":"<div class=\"image_block\"><img loading=\"lazy\" decoding=\"async\" class=\"aligncenter\" title=\"\" src=\"http:\/\/www.photoethistoire.eu\/blogs\/media\/blogs\/a\/ixelles.jpg\" alt=\"\" width=\"608\" height=\"395\" \/><\/div>\n<p>William <b>REYNOLDS<\/b>, un civil britannique membre du r\u00e9seau \u00ab\u00a0Com\u00e8te\u00a0\u00bb durant la seconde guerre mondiale et ex\u00e9cut\u00e9 en Allemagne le 24 janvier 1944, est inhum\u00e9 dans la pelouse d&rsquo;honneur du cimeti\u00e8re d&rsquo;Ixelles (Bruxelles).<\/p>\n<div class=\"image_block\"><img loading=\"lazy\" decoding=\"async\" class=\"aligncenter\" title=\"\" src=\"http:\/\/www.photoethistoire.eu\/blogs\/media\/blogs\/a\/\/williamreyn.jpg\" alt=\"\" width=\"272\" height=\"350\" \/><\/div>\n","protected":false},"excerpt":{"rendered":"<p>William REYNOLDS, un civil britannique membre du r\u00e9seau \u00ab\u00a0Com\u00e8te\u00a0\u00bb durant la seconde guerre mondiale et ex\u00e9cut\u00e9 en Allemagne le 24 janvier 1944, est inhum\u00e9 dans la pelouse d&rsquo;honneur du cimeti\u00e8re d&rsquo;Ixelles (Bruxelles).<\/p>\n","protected":false},"author":1,"featured_media":0,"comment_status":"closed","ping_status":"open","sticky":false,"template":"","format":"standard","meta":{"footnotes":""},"categories":[1],"tags":[],"class_list":["post-1113","post","type-post","status-publish","format-standard","hentry","category-chemins"],"_links":{"self":[{"href":"https:\/\/www.photoethistoire.eu\/14-18\/wp-json\/wp\/v2\/posts\/1113","targetHints":{"allow":["GET"]}}],"collection":[{"href":"https:\/\/www.photoethistoire.eu\/14-18\/wp-json\/wp\/v2\/posts"}],"about":[{"href":"https:\/\/www.photoethistoire.eu\/14-18\/wp-json\/wp\/v2\/types\/post"}],"author":[{"embeddable":true,"href":"https:\/\/www.photoethistoire.eu\/14-18\/wp-json\/wp\/v2\/users\/1"}],"replies":[{"embeddable":true,"href":"https:\/\/www.photoethistoire.eu\/14-18\/wp-json\/wp\/v2\/comments?post=1113"}],"version-history":[{"count":1,"href":"https:\/\/www.photoethistoire.eu\/14-18\/wp-json\/wp\/v2\/posts\/1113\/revisions"}],"predecessor-version":[{"id":1114,"href":"https:\/\/www.photoethistoire.eu\/14-18\/wp-json\/wp\/v2\/posts\/1113\/revisions\/1114"}],"wp:attachment":[{"href":"https:\/\/www.photoethistoire.eu\/14-18\/wp-json\/wp\/v2\/media?parent=1113"}],"wp:term":[{"taxonomy":"category","embeddable":true,"href":"https:\/\/www.photoethistoire.eu\/14-18\/wp-json\/wp\/v2\/categories?post=1113"},{"taxonomy":"post_tag","embeddable":true,"href":"https:\/\/www.photoethistoire.eu\/14-18\/wp-json\/wp\/v2\/tags?post=1113"}],"curies":[{"name":"wp","href":"https:\/\/api.w.org\/{rel}","templated":true}]}}