{"id":1115,"date":"2007-10-30T16:49:10","date_gmt":"2007-10-30T15:49:10","guid":{"rendered":"http:\/\/www.photoethistoire.eu\/14-18\/?p=1115"},"modified":"2016-05-20T09:08:56","modified_gmt":"2016-05-20T08:08:56","slug":"dompierre-becquincourt-somme","status":"publish","type":"post","link":"https:\/\/www.photoethistoire.eu\/14-18\/2007\/10\/dompierre-becquincourt-somme\/","title":{"rendered":"Don des Italiens \u00e0 Dompierre-Becquincourt (Somme)"},"content":{"rendered":"<p><img loading=\"lazy\" decoding=\"async\" class=\"aligncenter\" title=\"\" src=\"http:\/\/www.photoethistoire.eu\/blogs\/media\/blogs\/a\/monuments\/monudompierre.jpg\" alt=\"\" width=\"427\" height=\"563\" \/><\/p>\n<p style=\"text-align: center;\"><em>Dans la n\u00e9cropole fran\u00e7aise de Dompierre-Becquincourt, le monument \u00e9lev\u00e9 \u00e0 la m\u00e9moire des soldats fran\u00e7ais par les Italiens de la commune de Dompierre<\/em><\/p>\n","protected":false},"excerpt":{"rendered":"<p>Dans la n\u00e9cropole fran\u00e7aise de Dompierre-Becquincourt, le monument \u00e9lev\u00e9 \u00e0 la m\u00e9moire des soldats fran\u00e7ais par les Italiens de la commune de Dompierre<\/p>\n","protected":false},"author":1,"featured_media":0,"comment_status":"closed","ping_status":"open","sticky":false,"template":"","format":"standard","meta":{"footnotes":""},"categories":[22],"tags":[],"class_list":["post-1115","post","type-post","status-publish","format-standard","hentry","category-monu"],"_links":{"self":[{"href":"https:\/\/www.photoethistoire.eu\/14-18\/wp-json\/wp\/v2\/posts\/1115","targetHints":{"allow":["GET"]}}],"collection":[{"href":"https:\/\/www.photoethistoire.eu\/14-18\/wp-json\/wp\/v2\/posts"}],"about":[{"href":"https:\/\/www.photoethistoire.eu\/14-18\/wp-json\/wp\/v2\/types\/post"}],"author":[{"embeddable":true,"href":"https:\/\/www.photoethistoire.eu\/14-18\/wp-json\/wp\/v2\/users\/1"}],"replies":[{"embeddable":true,"href":"https:\/\/www.photoethistoire.eu\/14-18\/wp-json\/wp\/v2\/comments?post=1115"}],"version-history":[{"count":5,"href":"https:\/\/www.photoethistoire.eu\/14-18\/wp-json\/wp\/v2\/posts\/1115\/revisions"}],"predecessor-version":[{"id":1231,"href":"https:\/\/www.photoethistoire.eu\/14-18\/wp-json\/wp\/v2\/posts\/1115\/revisions\/1231"}],"wp:attachment":[{"href":"https:\/\/www.photoethistoire.eu\/14-18\/wp-json\/wp\/v2\/media?parent=1115"}],"wp:term":[{"taxonomy":"category","embeddable":true,"href":"https:\/\/www.photoethistoire.eu\/14-18\/wp-json\/wp\/v2\/categories?post=1115"},{"taxonomy":"post_tag","embeddable":true,"href":"https:\/\/www.photoethistoire.eu\/14-18\/wp-json\/wp\/v2\/tags?post=1115"}],"curies":[{"name":"wp","href":"https:\/\/api.w.org\/{rel}","templated":true}]}}