{"id":1276,"date":"2014-03-01T16:18:11","date_gmt":"2014-03-01T15:18:11","guid":{"rendered":"http:\/\/www.photoethistoire.eu\/14-18\/?p=1276"},"modified":"2016-05-20T09:01:53","modified_gmt":"2016-05-20T08:01:53","slug":"un-groupe-du-403e-r-i-au-repos","status":"publish","type":"post","link":"https:\/\/www.photoethistoire.eu\/14-18\/2014\/03\/un-groupe-du-403e-r-i-au-repos\/","title":{"rendered":"Un groupe du 403e R.I. au repos"},"content":{"rendered":"<div class=\"image_block\" style=\"text-align: center;\"><a href=\"http:\/\/www.photoethistoire.eu\/blogs\/media\/blogs\/b\/Groupe%20403e.jpg\"><img loading=\"lazy\" decoding=\"async\" class=\"aligncenter\" title=\"\" src=\"http:\/\/www.photoethistoire.eu\/blogs\/media\/blogs\/b\/Groupe%20403e.jpg\" alt=\"\" width=\"620\" height=\"377\" \/><\/a><em>Un groupe du 403e au repos dans les abris situ\u00e9s non loin du front<br \/>\n(lieu non identifi\u00e9)<\/em><\/div>\n<p>Des camarades venus d&rsquo;autres r\u00e9giments sont \u00e9galement pr\u00e9sents sur la photo. Comme, au premier rang, le 2e en partant de la gauche. Sur son col on peut lire le chiffre 8. Dans ce rang toujours, peut-\u00eatre \u00e9galement le 2e en partant de la droite. Et enfin, j&rsquo;ai un doute quant \u00e0 celui qui se trouve au second rang (le 5e en partant de la gauche) dont le num\u00e9ro de col n&rsquo;est pas lisible.<\/p>\n","protected":false},"excerpt":{"rendered":"<p>Un groupe du 403e au repos dans les abris situ\u00e9s non loin du front (lieu non identifi\u00e9) Des camarades venus d&rsquo;autres r\u00e9giments sont \u00e9galement pr\u00e9sents sur la photo. Comme, au premier rang, le 2e en partant de la gauche. Sur &hellip; <a href=\"https:\/\/www.photoethistoire.eu\/14-18\/2014\/03\/un-groupe-du-403e-r-i-au-repos\/\">Lire la suite <span class=\"meta-nav\">&rarr;<\/span><\/a><\/p>\n","protected":false},"author":1,"featured_media":0,"comment_status":"closed","ping_status":"open","sticky":false,"template":"","format":"standard","meta":{"footnotes":""},"categories":[1],"tags":[],"class_list":["post-1276","post","type-post","status-publish","format-standard","hentry","category-chemins"],"_links":{"self":[{"href":"https:\/\/www.photoethistoire.eu\/14-18\/wp-json\/wp\/v2\/posts\/1276","targetHints":{"allow":["GET"]}}],"collection":[{"href":"https:\/\/www.photoethistoire.eu\/14-18\/wp-json\/wp\/v2\/posts"}],"about":[{"href":"https:\/\/www.photoethistoire.eu\/14-18\/wp-json\/wp\/v2\/types\/post"}],"author":[{"embeddable":true,"href":"https:\/\/www.photoethistoire.eu\/14-18\/wp-json\/wp\/v2\/users\/1"}],"replies":[{"embeddable":true,"href":"https:\/\/www.photoethistoire.eu\/14-18\/wp-json\/wp\/v2\/comments?post=1276"}],"version-history":[{"count":1,"href":"https:\/\/www.photoethistoire.eu\/14-18\/wp-json\/wp\/v2\/posts\/1276\/revisions"}],"predecessor-version":[{"id":1277,"href":"https:\/\/www.photoethistoire.eu\/14-18\/wp-json\/wp\/v2\/posts\/1276\/revisions\/1277"}],"wp:attachment":[{"href":"https:\/\/www.photoethistoire.eu\/14-18\/wp-json\/wp\/v2\/media?parent=1276"}],"wp:term":[{"taxonomy":"category","embeddable":true,"href":"https:\/\/www.photoethistoire.eu\/14-18\/wp-json\/wp\/v2\/categories?post=1276"},{"taxonomy":"post_tag","embeddable":true,"href":"https:\/\/www.photoethistoire.eu\/14-18\/wp-json\/wp\/v2\/tags?post=1276"}],"curies":[{"name":"wp","href":"https:\/\/api.w.org\/{rel}","templated":true}]}}