{"id":1338,"date":"2016-04-02T11:02:51","date_gmt":"2016-04-02T10:02:51","guid":{"rendered":"http:\/\/www.photoethistoire.eu\/14-18\/?p=1338"},"modified":"2025-10-30T17:14:26","modified_gmt":"2025-10-30T16:14:26","slug":"jan-van-boeckel-resistant","status":"publish","type":"post","link":"https:\/\/www.photoethistoire.eu\/14-18\/2016\/04\/jan-van-boeckel-resistant\/","title":{"rendered":"Jan van Boeckel &#8211; r\u00e9sistant"},"content":{"rendered":"<p>Jean van Boeckel est un jeune r\u00e9sistant originaire des Pays-Bas. Ayant d\u00fb quitter son pays, il fit partie d&rsquo;un groupe de r\u00e9sistance qui op\u00e9raient dans les Ardennes belges.<\/p>\n<p>J&rsquo;ai r\u00e9cemment appris que Jan fut \u00e9galement l&rsquo;ami et le compagnon de captivit\u00e9 de mon p\u00e8re, Arthur Simon, au p\u00e9nitencier d&rsquo;Ebrach et \u00e0\u00a0Saal-am-der-Donau (annexe du camp de concentration de Flossenb\u00fcrg)<\/p>\n<p>H\u00e9las Jan n&rsquo;a malheureusement pas surv\u00e9cu \u00e0 ses souffrances, il est mort dans le train lors de l&rsquo;\u00e9vacuation\u00a0du camp de Saal-am-der-Donau \u00a0vers le\u00a0camp de Dachau.<\/p>\n<p>Il y a quelques temps, sa ni\u00e8ce\u00a0est partie sur traces de cet oncle. Cette\u00a0qu\u00eate, elle la partage dans les pages de son blog \u00e0 cette adresse :<\/p>\n<p><strong><a href=\"https:\/\/mogromo.com\/portfolio\/jan-van-boeckel\/\" target=\"_blank\">https:\/\/mogromo.com\/portfolio\/jan-van-boeckel\/<\/a>\u00a0<\/strong><em>(en anglais)<\/em><\/p>\n<p>&nbsp;<\/p>\n<p>&nbsp;<\/p>\n","protected":false},"excerpt":{"rendered":"<p>Jean van Boeckel est un jeune r\u00e9sistant originaire des Pays-Bas. Ayant d\u00fb quitter son pays, il fit partie d&rsquo;un groupe de r\u00e9sistance qui op\u00e9raient dans les Ardennes belges. J&rsquo;ai r\u00e9cemment appris que Jan fut \u00e9galement l&rsquo;ami et le compagnon de &hellip; <a href=\"https:\/\/www.photoethistoire.eu\/14-18\/2016\/04\/jan-van-boeckel-resistant\/\">Lire la suite <span class=\"meta-nav\">&rarr;<\/span><\/a><\/p>\n","protected":false},"author":1,"featured_media":0,"comment_status":"closed","ping_status":"open","sticky":false,"template":"","format":"standard","meta":{"footnotes":""},"categories":[67,42],"tags":[],"class_list":["post-1338","post","type-post","status-publish","format-standard","hentry","category-combaombre","category-lien"],"_links":{"self":[{"href":"https:\/\/www.photoethistoire.eu\/14-18\/wp-json\/wp\/v2\/posts\/1338","targetHints":{"allow":["GET"]}}],"collection":[{"href":"https:\/\/www.photoethistoire.eu\/14-18\/wp-json\/wp\/v2\/posts"}],"about":[{"href":"https:\/\/www.photoethistoire.eu\/14-18\/wp-json\/wp\/v2\/types\/post"}],"author":[{"embeddable":true,"href":"https:\/\/www.photoethistoire.eu\/14-18\/wp-json\/wp\/v2\/users\/1"}],"replies":[{"embeddable":true,"href":"https:\/\/www.photoethistoire.eu\/14-18\/wp-json\/wp\/v2\/comments?post=1338"}],"version-history":[{"count":5,"href":"https:\/\/www.photoethistoire.eu\/14-18\/wp-json\/wp\/v2\/posts\/1338\/revisions"}],"predecessor-version":[{"id":1357,"href":"https:\/\/www.photoethistoire.eu\/14-18\/wp-json\/wp\/v2\/posts\/1338\/revisions\/1357"}],"wp:attachment":[{"href":"https:\/\/www.photoethistoire.eu\/14-18\/wp-json\/wp\/v2\/media?parent=1338"}],"wp:term":[{"taxonomy":"category","embeddable":true,"href":"https:\/\/www.photoethistoire.eu\/14-18\/wp-json\/wp\/v2\/categories?post=1338"},{"taxonomy":"post_tag","embeddable":true,"href":"https:\/\/www.photoethistoire.eu\/14-18\/wp-json\/wp\/v2\/tags?post=1338"}],"curies":[{"name":"wp","href":"https:\/\/api.w.org\/{rel}","templated":true}]}}