{"id":1353,"date":"2016-04-09T20:10:10","date_gmt":"2016-04-09T19:10:10","guid":{"rendered":"http:\/\/www.photoethistoire.eu\/14-18\/?p=1353"},"modified":"2025-10-30T20:05:25","modified_gmt":"2025-10-30T19:05:25","slug":"dans-les-pas-de-mon-pere-deporte","status":"publish","type":"post","link":"https:\/\/www.photoethistoire.eu\/14-18\/2016\/04\/dans-les-pas-de-mon-pere-deporte\/","title":{"rendered":"Dans les pas de mon p\u00e8re, d\u00e9port\u00e9."},"content":{"rendered":"<p>Gr\u00e2ce \u00e0 l&rsquo;intervention de la ni\u00e8ce de <strong><a href=\"https:\/\/www.photoethistoire.eu\/14-18\/2016\/04\/jan-van-boeckel-resistant\/\" target=\"_blank\" rel=\"noopener\">Jan van Boeckel<\/a><\/strong>, ami et compagnon de d\u00e9tention de mon p\u00e8re dans les camps nazis, un voile s&rsquo;est lev\u00e9 sur une p\u00e9riode dont ce dernier parlait peu, voire jamais.<\/p>\n<p>Par les archives bavaroises &#8211; dont je salue la rapidit\u00e9 de la r\u00e9ponse \u00e0 la demande de renseignements &#8211; \u00a0je sais maintenant\u00a0qu&rsquo;avant son transfert au p\u00e9nitencier d&rsquo;Ebrach il a connu celui de St Georgen-Bayreuth. Et je peux\u00a0enfin retracer les grandes lignes de son parcours de d\u00e9port\u00e9.<\/p>\n<p><strong><em>Son parcours<\/em><\/strong><\/p>\n<ul>\n<li>Suite \u00e0 une d\u00e9nonciation, il est arr\u00eat\u00e9\u00a0\u00e0 son domicile de Beauraing<\/li>\n<li>Transf\u00e9r\u00e9 dans un premier temps \u00e0 la prison de Namur (date inconnue)<\/li>\n<li>Transf\u00e9r\u00e9 ensuite \u00e0 la prison de St Gilles \u00e0 Bruxelles (date inconnue)<\/li>\n<li>Le 21 juillet 1944, il est transf\u00e9r\u00e9 en Allemagne -dans un convoi de 34 prisonniers- il s\u00e9journe au p\u00e9nitencier de St Georgen-Bayreuth (date d&rsquo;arriv\u00e9e inconnue)<\/li>\n<li>De Bayreuth il est transf\u00e9r\u00e9\u00a0au p\u00e9nitencier de Ebrach (sous le num\u00e9ro NN 311\/44U) o\u00f9 il arrive le 17 ao\u00fbt 1944.<\/li>\n<li>Ensuite au camp de concentration de Flossenb\u00fcrg le 21 janvier1945<\/li>\n<li>Transf\u00e9r\u00e9 \u00e0 Saal-an-der-Donau (annexe du camp de Flossenb\u00fcrg)<\/li>\n<li>Evacuation du camp de Saal vers le camp de concentration de Dachau o\u00f9 il arrive le 24 avril 1945<\/li>\n<li>Lib\u00e9ration du camp de Dachau le 29 avril 1945<\/li>\n<li>Il est rapatri\u00e9 en Belgique aux environs du 10 mai 1945<\/li>\n<\/ul>\n<p>Durant ce long calvaire, il a \u00e9t\u00e9 condamn\u00e9 \u00e0 mort par d\u00e9capitation (peut-\u00eatre \u00a0\u00e0 Ebrach) et en tant que NN (Nacht und Nebel) il \u00e9tait, comme tous les NN, \u00a0appel\u00e9 \u00e0 dispara\u00eetre sans laisser de traces.<\/p>\n<p><em><strong>Pourquoi le silence ?<\/strong>\u00a0<\/em><\/p>\n<p>Etant n\u00e9e 3 ans apr\u00e8s la guerre, je n&rsquo;ai pas pouvoir de r\u00e9ponse. Je sais seulement\u00a0que\u00a0dans l&rsquo;euphorie de la lib\u00e9ration les trains ont d\u00e9vers\u00e9s, revenant d&rsquo;Allemagne, des flots de soldats lib\u00e9r\u00e9s apr\u00e8s plusieurs ann\u00e9es pass\u00e9es dans les Stalags&#8230;.<\/p>\n<p><em><strong>Le retour des fant\u00f4mes&#8230;<\/strong><\/em><\/p>\n<p>&#8230;.Et\u00a0d&rsquo;autres trains sont descendus\u00a0des\u00a0fant\u00f4mes squelettiques dont beaucoup sont morts au moment o\u00f9 ils mettaient le pied sur la terre natale.\u00a0Mais leur pays, encore tout \u00e0 la joie de la lib\u00e9ration, les r\u00e9cits des horreurs auxquelles ces fant\u00f4mes ont \u00e9t\u00e9 confront\u00e9s, les humiliations qu&rsquo;ils avaient subies, ce pays n&rsquo;\u00e9tait\u00a0pr\u00e8s \u00e0 les entendre. Alors les fant\u00f4mes se sont tus et ce n&rsquo;est qu&rsquo;au cr\u00e9puscule de leur vie que certains ont trouv\u00e9 le courage de parler afin de\u00a0partager leur terrible exp\u00e9rience ; pour que nul n&rsquo;oublie.<\/p>\n<p>&nbsp;<\/p>\n<p>&nbsp;<\/p>\n<div id=\"ConnectiveDocSignExtentionInstalled\" data-extension-version=\"1.0.4\"><\/div>\n","protected":false},"excerpt":{"rendered":"<p>Gr\u00e2ce \u00e0 l&rsquo;intervention de la ni\u00e8ce de Jan van Boeckel, ami et compagnon de d\u00e9tention de mon p\u00e8re dans les camps nazis, un voile s&rsquo;est lev\u00e9 sur une p\u00e9riode dont ce dernier parlait peu, voire jamais. Par les archives bavaroises &hellip; <a href=\"https:\/\/www.photoethistoire.eu\/14-18\/2016\/04\/dans-les-pas-de-mon-pere-deporte\/\">Lire la suite <span class=\"meta-nav\">&rarr;<\/span><\/a><\/p>\n","protected":false},"author":1,"featured_media":0,"comment_status":"closed","ping_status":"open","sticky":false,"template":"","format":"standard","meta":{"footnotes":""},"categories":[1,25],"tags":[],"class_list":["post-1353","post","type-post","status-publish","format-standard","hentry","category-chemins","category-notres"],"_links":{"self":[{"href":"https:\/\/www.photoethistoire.eu\/14-18\/wp-json\/wp\/v2\/posts\/1353","targetHints":{"allow":["GET"]}}],"collection":[{"href":"https:\/\/www.photoethistoire.eu\/14-18\/wp-json\/wp\/v2\/posts"}],"about":[{"href":"https:\/\/www.photoethistoire.eu\/14-18\/wp-json\/wp\/v2\/types\/post"}],"author":[{"embeddable":true,"href":"https:\/\/www.photoethistoire.eu\/14-18\/wp-json\/wp\/v2\/users\/1"}],"replies":[{"embeddable":true,"href":"https:\/\/www.photoethistoire.eu\/14-18\/wp-json\/wp\/v2\/comments?post=1353"}],"version-history":[{"count":16,"href":"https:\/\/www.photoethistoire.eu\/14-18\/wp-json\/wp\/v2\/posts\/1353\/revisions"}],"predecessor-version":[{"id":2539,"href":"https:\/\/www.photoethistoire.eu\/14-18\/wp-json\/wp\/v2\/posts\/1353\/revisions\/2539"}],"wp:attachment":[{"href":"https:\/\/www.photoethistoire.eu\/14-18\/wp-json\/wp\/v2\/media?parent=1353"}],"wp:term":[{"taxonomy":"category","embeddable":true,"href":"https:\/\/www.photoethistoire.eu\/14-18\/wp-json\/wp\/v2\/categories?post=1353"},{"taxonomy":"post_tag","embeddable":true,"href":"https:\/\/www.photoethistoire.eu\/14-18\/wp-json\/wp\/v2\/tags?post=1353"}],"curies":[{"name":"wp","href":"https:\/\/api.w.org\/{rel}","templated":true}]}}