{"id":1576,"date":"2017-02-16T17:22:06","date_gmt":"2017-02-16T16:22:06","guid":{"rendered":"http:\/\/www.photoethistoire.eu\/14-18\/?p=1576"},"modified":"2017-02-16T17:22:06","modified_gmt":"2017-02-16T16:22:06","slug":"dans-le-secteur-des-cavaliers-de-courcy-2","status":"publish","type":"post","link":"https:\/\/www.photoethistoire.eu\/14-18\/2017\/02\/dans-le-secteur-des-cavaliers-de-courcy-2\/","title":{"rendered":"Dans le secteur des Cavaliers de Courcy (2)"},"content":{"rendered":"<p>Le 403e va s\u00e9journer dans ce secteur jusqu&rsquo;au 12 juin. Jours apr\u00e8s jours, il subira bombardements, tirs de harc\u00e8lement ou coups de mains de la part des Allemands. Allemands qui, \u00e0 l&rsquo;occasion d&rsquo;une ou l&rsquo;autre contre-attaques r\u00e9ussiront parfois \u00e0 p\u00e9n\u00e9trer les lignes mais dont il sera aussit\u00f4t d\u00e9log\u00e9, notamment \u00e0 coups de combat de grenades.<\/p>\n<p>Le 11 juin, c&rsquo;est au cours d&rsquo;une de ces contre-attaques qu&rsquo;une section avanc\u00e9e de la 10e cie au lieu dit \u00ab\u00a0L&rsquo;arbre isol\u00e9\u00a0\u00bb, verra un de ses sergents et quatre de ses hommes fait prisonniers.<\/p>\n<p><strong>12 juin<\/strong><br \/>\nLe r\u00e9giment est relev\u00e9 par le 410e R.I. et va cantonner au Sud de Reims.<br \/>\n&#8211; Le 1er bataillon \u00e0 Bezannes (r\u00e9serve de Division)<br \/>\n&#8211; Le 2\u00e8me bataillon \u00e0 Villers-aux-Noeuds (r\u00e9serve de Corps d&rsquo;Arm\u00e9e)<br \/>\n&#8211; Le 3\u00e8me bataillon ainsi que l&rsquo;EM. et la C.H.R cantonnent quant \u00e0 eux \u00e0 Champfleury.<\/p>\n<p><em>EM (Etat-major) &#8211; C.H.R (Compagnie Hors Rang)<\/em><\/p>\n<p><strong>13 juin<\/strong><\/p>\n<p>Le r\u00e9giment est mis au repos mais \u00e0 partir du 15, apr\u00e8s reconnaissance de champs d&rsquo;exercices aux abords des cantonnements, suivant un programme \u00e9tablie par le colonel commandant le r\u00e9giment, on proc\u00e9der jusqu&rsquo;au 24 \u00e0 des exercices journaliers mais aussi \u00e0 des jeux.<\/p>\n<p><strong>25-26-27 juin<\/strong><\/p>\n<p>Le\u00a025 le r\u00e9giment se pr\u00e9pare \u00e0 un nouveau d\u00e9placement. Le 26 il rejoint ses nouveaux cantonnements, toujours au Sud de Reims \u00e0 Villers-Allerand pour le 1er Bataillon &#8211; Sermiers pour les 2e et 3e Bataillons ainsi que pour l&rsquo;E.M et la C.H.R.<\/p>\n<p>Le 27 \u00e0 3h le r\u00e9giment reprend sa marche pour rejoindre Monthelon (1er Bataillon), Moislin (2e Bataillon) &#8211; Cuis pour le 3e Bataillon, \u00a0l&rsquo;E.M et la C.H.R.<\/p>\n<p><strong>28 juin\u00a0<\/strong><\/p>\n<p>Le r\u00e9giment est mis au repos complet<\/p>\n<p><strong>29 juin au 4 juillet<\/strong><\/p>\n<p>Les bataillons reprennent leur instruction. Cependant, selon les voeux du colonel, le journal de marche du r\u00e9giment note que les jeux tiennent une tr\u00e8s grande place dans l&#8217;emploi du temps.<\/p>\n<p><strong>5-6 juillet<\/strong><\/p>\n<p>Le 5 on se pr\u00e9pare \u00e0 un autre d\u00e9placement et le 6 le r\u00e9giment embarque \u00e0 Epernay. Il quitte le secteur de Reims pour se diriger vers l&rsquo;Oise.<\/p>\n<p>&nbsp;<\/p>\n","protected":false},"excerpt":{"rendered":"<p>Le 403e va s\u00e9journer dans ce secteur jusqu&rsquo;au 12 juin. Jours apr\u00e8s jours, il subira bombardements, tirs de harc\u00e8lement ou coups de mains de la part des Allemands. Allemands qui, \u00e0 l&rsquo;occasion d&rsquo;une ou l&rsquo;autre contre-attaques r\u00e9ussiront parfois \u00e0 p\u00e9n\u00e9trer &hellip; <a href=\"https:\/\/www.photoethistoire.eu\/14-18\/2017\/02\/dans-le-secteur-des-cavaliers-de-courcy-2\/\">Lire la suite <span class=\"meta-nav\">&rarr;<\/span><\/a><\/p>\n","protected":false},"author":1,"featured_media":0,"comment_status":"closed","ping_status":"open","sticky":false,"template":"","format":"standard","meta":{"footnotes":""},"categories":[39],"tags":[],"class_list":["post-1576","post","type-post","status-publish","format-standard","hentry","category-marne17"],"_links":{"self":[{"href":"https:\/\/www.photoethistoire.eu\/14-18\/wp-json\/wp\/v2\/posts\/1576","targetHints":{"allow":["GET"]}}],"collection":[{"href":"https:\/\/www.photoethistoire.eu\/14-18\/wp-json\/wp\/v2\/posts"}],"about":[{"href":"https:\/\/www.photoethistoire.eu\/14-18\/wp-json\/wp\/v2\/types\/post"}],"author":[{"embeddable":true,"href":"https:\/\/www.photoethistoire.eu\/14-18\/wp-json\/wp\/v2\/users\/1"}],"replies":[{"embeddable":true,"href":"https:\/\/www.photoethistoire.eu\/14-18\/wp-json\/wp\/v2\/comments?post=1576"}],"version-history":[{"count":7,"href":"https:\/\/www.photoethistoire.eu\/14-18\/wp-json\/wp\/v2\/posts\/1576\/revisions"}],"predecessor-version":[{"id":1589,"href":"https:\/\/www.photoethistoire.eu\/14-18\/wp-json\/wp\/v2\/posts\/1576\/revisions\/1589"}],"wp:attachment":[{"href":"https:\/\/www.photoethistoire.eu\/14-18\/wp-json\/wp\/v2\/media?parent=1576"}],"wp:term":[{"taxonomy":"category","embeddable":true,"href":"https:\/\/www.photoethistoire.eu\/14-18\/wp-json\/wp\/v2\/categories?post=1576"},{"taxonomy":"post_tag","embeddable":true,"href":"https:\/\/www.photoethistoire.eu\/14-18\/wp-json\/wp\/v2\/tags?post=1576"}],"curies":[{"name":"wp","href":"https:\/\/api.w.org\/{rel}","templated":true}]}}