{"id":1591,"date":"2017-03-17T17:40:31","date_gmt":"2017-03-17T16:40:31","guid":{"rendered":"http:\/\/www.photoethistoire.eu\/14-18\/?p=1591"},"modified":"2017-03-17T17:41:45","modified_gmt":"2017-03-17T16:41:45","slug":"henri-tartrat","status":"publish","type":"post","link":"https:\/\/www.photoethistoire.eu\/14-18\/2017\/03\/henri-tartrat\/","title":{"rendered":"Henri TARTRAT"},"content":{"rendered":"<p>Capitaine \u00e0 la 5e cie, \u00a0il est gri\u00e8vement bless\u00e9 le <a href=\"https:\/\/www.photoethistoire.eu\/14-18\/2009\/07\/25-septembre-1915\/\">25 septembre 1915<\/a> \u00e0 Ville-sur-Tourbe lors de la deuxi\u00e8me bataille de Champagne. Il d\u00e9c\u00e9dera 2 jours plus tard des suites de ses blessures \u00e0 l&rsquo;ambulance n\u00b01 de la 151e Division \u00e9tablie \u00e0 Chaudfontaine (Marne). <\/p>\n<p>Il a \u00e9t\u00e9 cit\u00e9 \u00e0 l&rsquo;ordre de l&rsquo;Arm\u00e9e en ces termes :<em> \u00a0\u00bb Tr\u00e8s gri\u00e8vement bless\u00e9 \u00e0 la t\u00eate de sa troupe qu&rsquo;il avait brillamment enlev\u00e9e, est rest\u00e9 sur le terrain pendant douze heures et a fait preuve d&rsquo;une \u00e9nerge extr\u00eame en se tra\u00eenant dans nos lignes \u00e0 la faveur de la nuit\u00a0\u00bb\u00a0<\/em><\/p>\n<p>Le capitaine Henri Tartrat \u00e9tait le fils du g\u00e9n\u00e9ral de division Tartrat.<\/p>\n<p><em>(source : gallica.bnf.fr\u00a0&#8211; extrait du journal officiel du Minist\u00e8re de la guerre &#8211; ann\u00e9e 1918)<\/em><\/p>\n","protected":false},"excerpt":{"rendered":"<p>Capitaine \u00e0 la 5e cie, \u00a0il est gri\u00e8vement bless\u00e9 le 25 septembre 1915 \u00e0 Ville-sur-Tourbe lors de la deuxi\u00e8me bataille de Champagne. Il d\u00e9c\u00e9dera 2 jours plus tard des suites de ses blessures \u00e0 l&rsquo;ambulance n\u00b01 de la 151e Division &hellip; <a href=\"https:\/\/www.photoethistoire.eu\/14-18\/2017\/03\/henri-tartrat\/\">Lire la suite <span class=\"meta-nav\">&rarr;<\/span><\/a><\/p>\n","protected":false},"author":1,"featured_media":0,"comment_status":"closed","ping_status":"open","sticky":false,"template":"","format":"standard","meta":{"footnotes":""},"categories":[20],"tags":[],"class_list":["post-1591","post","type-post","status-publish","format-standard","hentry","category-cita"],"_links":{"self":[{"href":"https:\/\/www.photoethistoire.eu\/14-18\/wp-json\/wp\/v2\/posts\/1591","targetHints":{"allow":["GET"]}}],"collection":[{"href":"https:\/\/www.photoethistoire.eu\/14-18\/wp-json\/wp\/v2\/posts"}],"about":[{"href":"https:\/\/www.photoethistoire.eu\/14-18\/wp-json\/wp\/v2\/types\/post"}],"author":[{"embeddable":true,"href":"https:\/\/www.photoethistoire.eu\/14-18\/wp-json\/wp\/v2\/users\/1"}],"replies":[{"embeddable":true,"href":"https:\/\/www.photoethistoire.eu\/14-18\/wp-json\/wp\/v2\/comments?post=1591"}],"version-history":[{"count":8,"href":"https:\/\/www.photoethistoire.eu\/14-18\/wp-json\/wp\/v2\/posts\/1591\/revisions"}],"predecessor-version":[{"id":1599,"href":"https:\/\/www.photoethistoire.eu\/14-18\/wp-json\/wp\/v2\/posts\/1591\/revisions\/1599"}],"wp:attachment":[{"href":"https:\/\/www.photoethistoire.eu\/14-18\/wp-json\/wp\/v2\/media?parent=1591"}],"wp:term":[{"taxonomy":"category","embeddable":true,"href":"https:\/\/www.photoethistoire.eu\/14-18\/wp-json\/wp\/v2\/categories?post=1591"},{"taxonomy":"post_tag","embeddable":true,"href":"https:\/\/www.photoethistoire.eu\/14-18\/wp-json\/wp\/v2\/tags?post=1591"}],"curies":[{"name":"wp","href":"https:\/\/api.w.org\/{rel}","templated":true}]}}