{"id":1601,"date":"2017-04-06T09:24:01","date_gmt":"2017-04-06T08:24:01","guid":{"rendered":"http:\/\/www.photoethistoire.eu\/14-18\/?p=1601"},"modified":"2017-04-06T09:27:40","modified_gmt":"2017-04-06T08:27:40","slug":"un-documentaire-pour-ne-pas-oublier-si-je-reviens-un-jour","status":"publish","type":"post","link":"https:\/\/www.photoethistoire.eu\/14-18\/2017\/04\/un-documentaire-pour-ne-pas-oublier-si-je-reviens-un-jour\/","title":{"rendered":"Un documentaire pour ne pas oublier : \u00ab\u00a0Si je reviens un jour\u00a0\u00bb"},"content":{"rendered":"<p>Louise Pikovsky \u00e9tait \u00e9l\u00e8ve au lyc\u00e9e Jean de la Fontaine \u00e0 Paris. Arr\u00eat\u00e9e avec sa famille, elle a \u00e9t\u00e9 d&rsquo;abord intern\u00e9e au camp de Drancy. Transf\u00e9r\u00e9e ensuite vers les camps de la mort, sa jeune vie, ainsi que celle des siens, a pris fin \u00e0 Auschwitz en hiver 1944. Elle avait 16 ans.<\/p>\n<p>C&rsquo;est en 2010 que les\u00a0lettres \u00e9chang\u00e9es avec\u00a0l\u2019un de ses professeurs, ainsi que des photos, sont sorties de l&rsquo;ombre\u00a0lors d\u2019un d\u00e9m\u00e9nagement dans l&rsquo;enceinte du lyc\u00e9e o\u00f9 elle avait \u00e9tudi\u00e9.<\/p>\n<p>Emue par cette d\u00e9couverte Madame Khalida Hatchy, professeur dans l&rsquo;\u00e9tablissement, a tenu \u00e0 retracer le parcours de cette jeune lyc\u00e9enne aid\u00e9e en cela par la journaliste St\u00e9phanie Trouillard. Leur collaboration a donn\u00e9 naissance cet \u00e9mouvant documentaire\u00a0:<\/p>\n<p style=\"text-align: center;\"><strong><a href=\"http:\/\/webdoc.france24.com\/si-je-reviens-un-jour-louise-pikovsky\/\" target=\"_blank\">\u00ab\u00a0Si je reviens un jour\u00a0\u00bb<\/a><\/strong><\/p>\n<p style=\"text-align: left;\"><em>Ne jamais oublier !<\/em><\/p>\n","protected":false},"excerpt":{"rendered":"<p>Louise Pikovsky \u00e9tait \u00e9l\u00e8ve au lyc\u00e9e Jean de la Fontaine \u00e0 Paris. Arr\u00eat\u00e9e avec sa famille, elle a \u00e9t\u00e9 d&rsquo;abord intern\u00e9e au camp de Drancy. Transf\u00e9r\u00e9e ensuite vers les camps de la mort, sa jeune vie, ainsi que celle des &hellip; <a href=\"https:\/\/www.photoethistoire.eu\/14-18\/2017\/04\/un-documentaire-pour-ne-pas-oublier-si-je-reviens-un-jour\/\">Lire la suite <span class=\"meta-nav\">&rarr;<\/span><\/a><\/p>\n","protected":false},"author":1,"featured_media":0,"comment_status":"closed","ping_status":"open","sticky":false,"template":"","format":"standard","meta":{"footnotes":""},"categories":[47],"tags":[],"class_list":["post-1601","post","type-post","status-publish","format-standard","hentry","category-memo"],"_links":{"self":[{"href":"https:\/\/www.photoethistoire.eu\/14-18\/wp-json\/wp\/v2\/posts\/1601","targetHints":{"allow":["GET"]}}],"collection":[{"href":"https:\/\/www.photoethistoire.eu\/14-18\/wp-json\/wp\/v2\/posts"}],"about":[{"href":"https:\/\/www.photoethistoire.eu\/14-18\/wp-json\/wp\/v2\/types\/post"}],"author":[{"embeddable":true,"href":"https:\/\/www.photoethistoire.eu\/14-18\/wp-json\/wp\/v2\/users\/1"}],"replies":[{"embeddable":true,"href":"https:\/\/www.photoethistoire.eu\/14-18\/wp-json\/wp\/v2\/comments?post=1601"}],"version-history":[{"count":9,"href":"https:\/\/www.photoethistoire.eu\/14-18\/wp-json\/wp\/v2\/posts\/1601\/revisions"}],"predecessor-version":[{"id":1610,"href":"https:\/\/www.photoethistoire.eu\/14-18\/wp-json\/wp\/v2\/posts\/1601\/revisions\/1610"}],"wp:attachment":[{"href":"https:\/\/www.photoethistoire.eu\/14-18\/wp-json\/wp\/v2\/media?parent=1601"}],"wp:term":[{"taxonomy":"category","embeddable":true,"href":"https:\/\/www.photoethistoire.eu\/14-18\/wp-json\/wp\/v2\/categories?post=1601"},{"taxonomy":"post_tag","embeddable":true,"href":"https:\/\/www.photoethistoire.eu\/14-18\/wp-json\/wp\/v2\/tags?post=1601"}],"curies":[{"name":"wp","href":"https:\/\/api.w.org\/{rel}","templated":true}]}}