{"id":1625,"date":"2017-08-18T10:11:49","date_gmt":"2017-08-18T09:11:49","guid":{"rendered":"http:\/\/www.photoethistoire.eu\/14-18\/?p=1625"},"modified":"2017-08-18T10:17:17","modified_gmt":"2017-08-18T09:17:17","slug":"vers-le-secteur-dhurtebise","status":"publish","type":"post","link":"https:\/\/www.photoethistoire.eu\/14-18\/2017\/08\/vers-le-secteur-dhurtebise\/","title":{"rendered":"Vers le secteur d&rsquo;Hurtebise"},"content":{"rendered":"<p style=\"text-align: left;\">Ayant quitt\u00e9 le secteur des Cavaliers de Courcy , les hommes sont arriv\u00e9s le<strong> 7 juillet<\/strong> \u00e0 Rib\u00e9court (Oise), mais le r\u00e9giment embarque aussit\u00f4t pour aller occuper les cantonnements au nord\/nord-ouest de Rib\u00e9court : \u00e0 Cuy (1er Bt), Thiescourt (2e Bt et E.M), Dives-Divettes et Plessis-Cacheleux (3e Bt)<\/p>\n<p><strong>Du 8 au 26\u00a0<\/strong><strong>juillet\u00a0<\/strong>les hommes se livreront \u00e0 divers exercices et manoeuvres.<\/p>\n<p>Le<strong> 27 juillet <\/strong>\u00e0 3h<strong>\u00a0<\/strong>arrive l&rsquo;ordre de d\u00e9part en camions. A 18h le r\u00e9giment d\u00e9barque au cantonnements au Sud de Frismes ( \u00e0 l&rsquo;ouest de Reims) et plus pr\u00e9cis\u00e9ment \u00e0 St Gilles pour l&rsquo;E.M et le 2e Bt &#8211; \u00e0 Courville pour le 3e Bt.<\/p>\n<p>Le<b> 8 ao\u00fbt\u00a0<\/b>Le colonel et les chefs de bataillon vont reconna\u00eetre le nouveau secteur du 403e \u00e0 l&rsquo;Ouest d&rsquo;Hurtebise.<\/p>\n<p>En attendant d&rsquo;aller relever le 21e R.I.C dans leur prochain secteur, les hommes se livrent, entre le <strong>9 et 15 ao\u00fbt<\/strong>,\u00a0 \u00e0 des exercices d&rsquo;attaques et de contre-attaques.<\/p>\n<p>Le\u00a0<strong>16 ao\u00fbt\u00a0<\/strong>l&rsquo;ordre de relever le 21e R.I.C dans le s\/secteur Ouest d&rsquo;Hurtebise arrive.<\/p>\n<p>Pour se faire, le bataillon Frey (2e Bt) va d&rsquo;abord cantonner \u00e0 12 km au nord de Frismes dans le village de Maizy et c&rsquo;est le <strong>17 ao\u00fbt <\/strong>qu&rsquo;il rel\u00e8ve<strong>\u00a0<\/strong>le Bt Buisson du 21e R.I.C \u00a0(Quartier Y). Tandis que le Bt Lorillot (1er Bt) se d\u00e9place vers le cantonnement de Maizy o\u00f9 il attend les ordres. Le Bt Alboussi\u00e8res \u00a0(3e Bt) lui restant lui \u00e0 Courville.<\/p>\n<p><strong>18 ao\u00fbt<\/strong><\/p>\n<p>Le 1er Bt va occuper les tranch\u00e9es dans le Quartier Z o\u00f9 il rel\u00e8ve un bataillon du le 23e R.I.C tandis que le 3e Bt va cantonner \u00e0 Maizy<\/p>\n<p>Cette rel\u00e8ve ne se d\u00e9roule pas sans pertes. En effet on d\u00e9plore la mort d&rsquo;un homme et 6 autres sont bless\u00e9s.<\/p>\n<p><img loading=\"lazy\" decoding=\"async\" class=\"aligncenter size-full wp-image-1629\" src=\"https:\/\/www.photoethistoire.eu\/14-18\/wp-content\/uploads\/2017\/08\/Carte-Hurtebise.jpg\" alt=\"\" width=\"650\" height=\"598\" srcset=\"https:\/\/www.photoethistoire.eu\/14-18\/wp-content\/uploads\/2017\/08\/Carte-Hurtebise.jpg 650w, https:\/\/www.photoethistoire.eu\/14-18\/wp-content\/uploads\/2017\/08\/Carte-Hurtebise-300x276.jpg 300w, https:\/\/www.photoethistoire.eu\/14-18\/wp-content\/uploads\/2017\/08\/Carte-Hurtebise-326x300.jpg 326w\" sizes=\"auto, (max-width: 650px) 100vw, 650px\" \/><\/p>\n<p>&nbsp;<\/p>\n","protected":false},"excerpt":{"rendered":"<p>Ayant quitt\u00e9 le secteur des Cavaliers de Courcy , les hommes sont arriv\u00e9s le 7 juillet \u00e0 Rib\u00e9court (Oise), mais le r\u00e9giment embarque aussit\u00f4t pour aller occuper les cantonnements au nord\/nord-ouest de Rib\u00e9court : \u00e0 Cuy (1er Bt), Thiescourt (2e &hellip; <a href=\"https:\/\/www.photoethistoire.eu\/14-18\/2017\/08\/vers-le-secteur-dhurtebise\/\">Lire la suite <span class=\"meta-nav\">&rarr;<\/span><\/a><\/p>\n","protected":false},"author":1,"featured_media":0,"comment_status":"closed","ping_status":"open","sticky":false,"template":"","format":"standard","meta":{"footnotes":""},"categories":[2,39],"tags":[],"class_list":["post-1625","post","type-post","status-publish","format-standard","hentry","category-403e","category-marne17"],"_links":{"self":[{"href":"https:\/\/www.photoethistoire.eu\/14-18\/wp-json\/wp\/v2\/posts\/1625","targetHints":{"allow":["GET"]}}],"collection":[{"href":"https:\/\/www.photoethistoire.eu\/14-18\/wp-json\/wp\/v2\/posts"}],"about":[{"href":"https:\/\/www.photoethistoire.eu\/14-18\/wp-json\/wp\/v2\/types\/post"}],"author":[{"embeddable":true,"href":"https:\/\/www.photoethistoire.eu\/14-18\/wp-json\/wp\/v2\/users\/1"}],"replies":[{"embeddable":true,"href":"https:\/\/www.photoethistoire.eu\/14-18\/wp-json\/wp\/v2\/comments?post=1625"}],"version-history":[{"count":5,"href":"https:\/\/www.photoethistoire.eu\/14-18\/wp-json\/wp\/v2\/posts\/1625\/revisions"}],"predecessor-version":[{"id":1632,"href":"https:\/\/www.photoethistoire.eu\/14-18\/wp-json\/wp\/v2\/posts\/1625\/revisions\/1632"}],"wp:attachment":[{"href":"https:\/\/www.photoethistoire.eu\/14-18\/wp-json\/wp\/v2\/media?parent=1625"}],"wp:term":[{"taxonomy":"category","embeddable":true,"href":"https:\/\/www.photoethistoire.eu\/14-18\/wp-json\/wp\/v2\/categories?post=1625"},{"taxonomy":"post_tag","embeddable":true,"href":"https:\/\/www.photoethistoire.eu\/14-18\/wp-json\/wp\/v2\/tags?post=1625"}],"curies":[{"name":"wp","href":"https:\/\/api.w.org\/{rel}","templated":true}]}}