{"id":1633,"date":"2017-08-21T17:59:20","date_gmt":"2017-08-21T16:59:20","guid":{"rendered":"http:\/\/www.photoethistoire.eu\/14-18\/?p=1633"},"modified":"2017-08-21T19:01:09","modified_gmt":"2017-08-21T18:01:09","slug":"commemoration-belle-motte-2017","status":"publish","type":"post","link":"https:\/\/www.photoethistoire.eu\/14-18\/2017\/08\/commemoration-belle-motte-2017\/","title":{"rendered":"Comm\u00e9moration 2017 en la n\u00e9cropole de Belle-Motte"},"content":{"rendered":"<p>Ce 21 ao\u00fbt 2017, il y a 103 ans que d\u00e9butait la bataille de la Sambre. Elle fit des milliers de morts parmi les soldats fran\u00e7ais venus nous porter main forte.<\/p>\n<p>Chaque ann\u00e9e, depuis 1919, le <a href=\"http:\/\/comitedusouvenirdeleroux.be\/index.php?lng=fr\"><em>Comit\u00e9 Royal du Souvenir de Le Roux<\/em><\/a> rend hommage au sacrifice de ces soldats. Le point d&rsquo;orgue \u00e9tant la c\u00e9r\u00e9monie du souvenir organis\u00e9e en la n\u00e9cropole fran\u00e7aise de Belle-Motte. Elle s&rsquo;est tenue ce dimanche 20 ao\u00fbt 2017.<\/p>\n<p>4057 soldats venus de plusieurs r\u00e9gions de France et, notamment, de Bretagne et Normandie ainsi que d&rsquo;Afrique du Nord reposent dans cette n\u00e9cropole.<\/p>\n<p><img loading=\"lazy\" decoding=\"async\" class=\"aligncenter size-full wp-image-1635\" src=\"https:\/\/www.photoethistoire.eu\/14-18\/wp-content\/uploads\/2017\/08\/Belle-Motte-2017-1.jpg\" alt=\"\" width=\"650\" height=\"433\" srcset=\"https:\/\/www.photoethistoire.eu\/14-18\/wp-content\/uploads\/2017\/08\/Belle-Motte-2017-1.jpg 650w, https:\/\/www.photoethistoire.eu\/14-18\/wp-content\/uploads\/2017\/08\/Belle-Motte-2017-1-300x200.jpg 300w, https:\/\/www.photoethistoire.eu\/14-18\/wp-content\/uploads\/2017\/08\/Belle-Motte-2017-1-450x300.jpg 450w\" sizes=\"auto, (max-width: 650px) 100vw, 650px\" \/><\/p>\n<p style=\"text-align: center;\"><em>Comme chaque ann\u00e9e, un nombreux public avait r\u00e9pondu pr\u00e9sent.<\/em><\/p>\n<p><img loading=\"lazy\" decoding=\"async\" class=\"aligncenter size-full wp-image-1636\" src=\"https:\/\/www.photoethistoire.eu\/14-18\/wp-content\/uploads\/2017\/08\/Belle-Motte-2017-3.jpg\" alt=\"\" width=\"650\" height=\"433\" srcset=\"https:\/\/www.photoethistoire.eu\/14-18\/wp-content\/uploads\/2017\/08\/Belle-Motte-2017-3.jpg 650w, https:\/\/www.photoethistoire.eu\/14-18\/wp-content\/uploads\/2017\/08\/Belle-Motte-2017-3-300x200.jpg 300w, https:\/\/www.photoethistoire.eu\/14-18\/wp-content\/uploads\/2017\/08\/Belle-Motte-2017-3-450x300.jpg 450w\" sizes=\"auto, (max-width: 650px) 100vw, 650px\" \/><\/p>\n<p style=\"text-align: left;\"><em>La c\u00e9r\u00e9monie est ouverte par l&rsquo;\u00e9mouvante chanson \u00ab\u00a0Souvenez-vous\u00a0\u00bb (Pierre Bachelet) suivie du lev\u00e9 des couleurs.\u00a0<\/em><\/p>\n<p><img loading=\"lazy\" decoding=\"async\" class=\"aligncenter size-full wp-image-1645\" src=\"https:\/\/www.photoethistoire.eu\/14-18\/wp-content\/uploads\/2017\/08\/Belle-Motte-2017-soldat.jpg\" alt=\"\" width=\"500\" height=\"750\" srcset=\"https:\/\/www.photoethistoire.eu\/14-18\/wp-content\/uploads\/2017\/08\/Belle-Motte-2017-soldat.jpg 500w, https:\/\/www.photoethistoire.eu\/14-18\/wp-content\/uploads\/2017\/08\/Belle-Motte-2017-soldat-200x300.jpg 200w\" sizes=\"auto, (max-width: 500px) 100vw, 500px\" \/><\/p>\n<p style=\"text-align: left;\">Pendant que retentit la cloche qui appelle au souvenir des morts, les parrains et marraines sont appel\u00e9s \u00e0 fleurir la tombe de leur soldat&#8230;<\/p>\n<p style=\"text-align: left;\"><img loading=\"lazy\" decoding=\"async\" class=\"aligncenter size-full wp-image-1637\" style=\"color: #333333; font-style: normal; font-weight: 300;\" src=\"https:\/\/www.photoethistoire.eu\/14-18\/wp-content\/uploads\/2017\/08\/Belle-Motte-2017-4.jpg\" alt=\"\" width=\"650\" height=\"433\" srcset=\"https:\/\/www.photoethistoire.eu\/14-18\/wp-content\/uploads\/2017\/08\/Belle-Motte-2017-4.jpg 650w, https:\/\/www.photoethistoire.eu\/14-18\/wp-content\/uploads\/2017\/08\/Belle-Motte-2017-4-300x200.jpg 300w, https:\/\/www.photoethistoire.eu\/14-18\/wp-content\/uploads\/2017\/08\/Belle-Motte-2017-4-450x300.jpg 450w\" sizes=\"auto, (max-width: 650px) 100vw, 650px\" \/><\/p>\n<p>&#8230;tandis que la jeune g\u00e9n\u00e9ration des passeurs de m\u00e9moire fleurit l&rsquo;urne qui contient de la terre de Verdun.<\/p>\n<p><img loading=\"lazy\" decoding=\"async\" class=\"aligncenter size-full wp-image-1638\" src=\"https:\/\/www.photoethistoire.eu\/14-18\/wp-content\/uploads\/2017\/08\/Belle-Motte-2017-5.jpg\" alt=\"\" width=\"1125\" height=\"750\" srcset=\"https:\/\/www.photoethistoire.eu\/14-18\/wp-content\/uploads\/2017\/08\/Belle-Motte-2017-5.jpg 1125w, https:\/\/www.photoethistoire.eu\/14-18\/wp-content\/uploads\/2017\/08\/Belle-Motte-2017-5-300x200.jpg 300w, https:\/\/www.photoethistoire.eu\/14-18\/wp-content\/uploads\/2017\/08\/Belle-Motte-2017-5-768x512.jpg 768w, https:\/\/www.photoethistoire.eu\/14-18\/wp-content\/uploads\/2017\/08\/Belle-Motte-2017-5-1024x683.jpg 1024w, https:\/\/www.photoethistoire.eu\/14-18\/wp-content\/uploads\/2017\/08\/Belle-Motte-2017-5-450x300.jpg 450w\" sizes=\"auto, (max-width: 1125px) 100vw, 1125px\" \/><\/p>\n<p>Repr\u00e9sentants fran\u00e7ais (dont le maire d&rsquo;un village du Cotentin) et descendants de soldats se recueillent devant un des deux ossuaires o\u00f9 ils viennent de d\u00e9poser des gerbes.<\/p>\n<p><img loading=\"lazy\" decoding=\"async\" class=\"aligncenter size-full wp-image-1647\" style=\"color: #333333; font-style: normal; font-weight: 300;\" src=\"https:\/\/www.photoethistoire.eu\/14-18\/wp-content\/uploads\/2017\/08\/Belle-Motte-2017-ossuaire1.jpg\" alt=\"\" width=\"650\" height=\"433\" srcset=\"https:\/\/www.photoethistoire.eu\/14-18\/wp-content\/uploads\/2017\/08\/Belle-Motte-2017-ossuaire1.jpg 650w, https:\/\/www.photoethistoire.eu\/14-18\/wp-content\/uploads\/2017\/08\/Belle-Motte-2017-ossuaire1-300x200.jpg 300w, https:\/\/www.photoethistoire.eu\/14-18\/wp-content\/uploads\/2017\/08\/Belle-Motte-2017-ossuaire1-450x300.jpg 450w\" sizes=\"auto, (max-width: 650px) 100vw, 650px\" \/><\/p>\n<p>1395 soldats fran\u00e7ais inconnus reposent dans cet ossuaire.<\/p>\n<p><img loading=\"lazy\" decoding=\"async\" class=\"aligncenter size-full wp-image-1639\" src=\"https:\/\/www.photoethistoire.eu\/14-18\/wp-content\/uploads\/2017\/08\/Belle-Motte-2017-6.jpg\" alt=\"\" width=\"500\" height=\"750\" srcset=\"https:\/\/www.photoethistoire.eu\/14-18\/wp-content\/uploads\/2017\/08\/Belle-Motte-2017-6.jpg 500w, https:\/\/www.photoethistoire.eu\/14-18\/wp-content\/uploads\/2017\/08\/Belle-Motte-2017-6-200x300.jpg 200w\" sizes=\"auto, (max-width: 500px) 100vw, 500px\" \/>Apr\u00e8s la c\u00e9r\u00e9monie, les officiels remercient les fid\u00e8les porte-drapeaux. Parmi eux, les comm\u00e9morations \u00e9tant sous le signe de la m\u00e9moire partag\u00e9e, Mme Kirmse qui repr\u00e9sentait de la R\u00e9publique d&rsquo;Allemagne.<\/p>\n<p style=\"text-align: center;\">Mes \u00ab\u00a0filleuls\u00a0\u00bb<\/p>\n<p><img loading=\"lazy\" decoding=\"async\" class=\"aligncenter size-full wp-image-1642\" src=\"https:\/\/www.photoethistoire.eu\/14-18\/wp-content\/uploads\/2017\/08\/Belle-Motte-2017-Guillemette.jpg\" alt=\"\" width=\"500\" height=\"750\" srcset=\"https:\/\/www.photoethistoire.eu\/14-18\/wp-content\/uploads\/2017\/08\/Belle-Motte-2017-Guillemette.jpg 500w, https:\/\/www.photoethistoire.eu\/14-18\/wp-content\/uploads\/2017\/08\/Belle-Motte-2017-Guillemette-200x300.jpg 200w\" sizes=\"auto, (max-width: 500px) 100vw, 500px\" \/><\/p>\n<p style=\"text-align: left;\">Marius, Louis,Eug\u00e8ne GUILLEMETTE du 74e R\u00e9giment d&rsquo;Infanterie. N\u00e9 au Havre.Il allait avoir 26 ans.<\/p>\n<p><img loading=\"lazy\" decoding=\"async\" class=\"aligncenter size-full wp-image-1640\" src=\"https:\/\/www.photoethistoire.eu\/14-18\/wp-content\/uploads\/2017\/08\/Belle-Motte-2017-Gohier.jpg\" alt=\"\" width=\"500\" height=\"750\" srcset=\"https:\/\/www.photoethistoire.eu\/14-18\/wp-content\/uploads\/2017\/08\/Belle-Motte-2017-Gohier.jpg 500w, https:\/\/www.photoethistoire.eu\/14-18\/wp-content\/uploads\/2017\/08\/Belle-Motte-2017-Gohier-200x300.jpg 200w\" sizes=\"auto, (max-width: 500px) 100vw, 500px\" \/><\/p>\n<p>Louis GOHIER du 119e R\u00e9giment d&rsquo;Infanterie. N\u00e9 \u00e0 Caen, il venait d&rsquo;avoir 20 ans.<\/p>\n<p><img loading=\"lazy\" decoding=\"async\" class=\"aligncenter size-full wp-image-1641\" src=\"https:\/\/www.photoethistoire.eu\/14-18\/wp-content\/uploads\/2017\/08\/Belle-Motte-2017-Guillaume.jpg\" alt=\"\" width=\"500\" height=\"750\" srcset=\"https:\/\/www.photoethistoire.eu\/14-18\/wp-content\/uploads\/2017\/08\/Belle-Motte-2017-Guillaume.jpg 500w, https:\/\/www.photoethistoire.eu\/14-18\/wp-content\/uploads\/2017\/08\/Belle-Motte-2017-Guillaume-200x300.jpg 200w\" sizes=\"auto, (max-width: 500px) 100vw, 500px\" \/><\/p>\n<p>Marcel, Antonin GUILLAUME. N\u00e9 \u00e0 Rouen. Il venait d&rsquo;avoir 36 ans.<\/p>\n<p><em>Cr\u00e9\u00e9 en mars 1915, le 403e R.I n&rsquo;a jamais combattu en Belgique. Mais Marcel Guillaume avait \u00e9t\u00e9 fait prisonnier et il est d\u00e9c\u00e9d\u00e9 \u00e0 Andenne le 20 novembre 1918. Il est l&rsquo;un des deux seuls soldats connus du 403e inhum\u00e9s en Belgique. L&rsquo;autre soldat est Jean, L\u00e9on ROQUES, prisonnier de guerre lui aussi et dcd des suites de ses blessures le 13 novembre 1918 \u00e0 Couthuin (Province de Li\u00e8ge) \u00e0 l&rsquo;\u00e2ge de 22 ans. Il repose en la n\u00e9cropole fran\u00e7aise de Chastre (Brabant Wallon).<\/em><\/p>\n<p style=\"text-align: center;\"><strong><em>Nous ne les oublierons pas<\/em><\/strong><\/p>\n<p>&nbsp;<\/p>\n<p>&nbsp;<\/p>\n<p>&nbsp;<\/p>\n<p>&nbsp;<\/p>\n","protected":false},"excerpt":{"rendered":"<p>Ce 21 ao\u00fbt 2017, il y a 103 ans que d\u00e9butait la bataille de la Sambre. Elle fit des milliers de morts parmi les soldats fran\u00e7ais venus nous porter main forte. Chaque ann\u00e9e, depuis 1919, le Comit\u00e9 Royal du Souvenir &hellip; <a href=\"https:\/\/www.photoethistoire.eu\/14-18\/2017\/08\/commemoration-belle-motte-2017\/\">Lire la suite <span class=\"meta-nav\">&rarr;<\/span><\/a><\/p>\n","protected":false},"author":1,"featured_media":0,"comment_status":"closed","ping_status":"open","sticky":false,"template":"","format":"standard","meta":{"footnotes":""},"categories":[1],"tags":[],"class_list":["post-1633","post","type-post","status-publish","format-standard","hentry","category-chemins"],"_links":{"self":[{"href":"https:\/\/www.photoethistoire.eu\/14-18\/wp-json\/wp\/v2\/posts\/1633","targetHints":{"allow":["GET"]}}],"collection":[{"href":"https:\/\/www.photoethistoire.eu\/14-18\/wp-json\/wp\/v2\/posts"}],"about":[{"href":"https:\/\/www.photoethistoire.eu\/14-18\/wp-json\/wp\/v2\/types\/post"}],"author":[{"embeddable":true,"href":"https:\/\/www.photoethistoire.eu\/14-18\/wp-json\/wp\/v2\/users\/1"}],"replies":[{"embeddable":true,"href":"https:\/\/www.photoethistoire.eu\/14-18\/wp-json\/wp\/v2\/comments?post=1633"}],"version-history":[{"count":10,"href":"https:\/\/www.photoethistoire.eu\/14-18\/wp-json\/wp\/v2\/posts\/1633\/revisions"}],"predecessor-version":[{"id":1653,"href":"https:\/\/www.photoethistoire.eu\/14-18\/wp-json\/wp\/v2\/posts\/1633\/revisions\/1653"}],"wp:attachment":[{"href":"https:\/\/www.photoethistoire.eu\/14-18\/wp-json\/wp\/v2\/media?parent=1633"}],"wp:term":[{"taxonomy":"category","embeddable":true,"href":"https:\/\/www.photoethistoire.eu\/14-18\/wp-json\/wp\/v2\/categories?post=1633"},{"taxonomy":"post_tag","embeddable":true,"href":"https:\/\/www.photoethistoire.eu\/14-18\/wp-json\/wp\/v2\/tags?post=1633"}],"curies":[{"name":"wp","href":"https:\/\/api.w.org\/{rel}","templated":true}]}}