{"id":167,"date":"2009-02-23T16:19:01","date_gmt":"2009-02-23T15:19:01","guid":{"rendered":"http:\/\/www.photoethistoire.eu\/14-18\/?p=167"},"modified":"2016-05-20T09:06:45","modified_gmt":"2016-05-20T08:06:45","slug":"la-depouille-du-capitaine-page-est-retrouvee","status":"publish","type":"post","link":"https:\/\/www.photoethistoire.eu\/14-18\/2009\/02\/la-depouille-du-capitaine-page-est-retrouvee\/","title":{"rendered":"La d\u00e9pouille du capitaine Page est retrouv\u00e9e"},"content":{"rendered":"<p>Au matin du 25 juillet, les Allemands font sauter une nouvelle mine vers la l\u00e8vre Nord de l&rsquo;entonnoir dit \u00ab\u00a0du 20 juin\u00a0\u00bb. Leur artillerie effectue un tir de barrage auquel r\u00e9pond l&rsquo;artillerie fran\u00e7aise et nouvelle riposte allemande. Au soir les Allemands feront encore exploser un camouflet devant le D fran\u00e7ais.<\/p>\n<p>Selon le JMO c&rsquo;est au bouleversement des terres, provoqu\u00e9 par de la mine du matin, qu&rsquo;on doit d&rsquo;avoir pu r\u00e9cup\u00e9rer le corps du capitaine Page. En effet sous l&rsquo;effet de ce bouleversement son corps fut ramen\u00e9 pr\u00e8s des lignes fran\u00e7aises.<\/p>\n<p>Dans la soir\u00e9e le brancardier Strauss du 2e bataillon et quelques volontaires se glissent dans le <em>no man&rsquo;s land<\/em> pour le r\u00e9cup\u00e9rer. Mais cette nouvelle action de courage co\u00fbtera la vie \u00e0 l&rsquo;un des soldats et deux autres seront bless\u00e9s.<\/p>\n<p>Le capitaine sera inhum\u00e9 le lendemain dans le petit cimeti\u00e8re du centre de r\u00e9sistance 71-110 (*) en pr\u00e9sence d&rsquo;une d\u00e9l\u00e9gation d&rsquo;officiers, sous-officiers et de soldats du r\u00e9giment.<\/p>\n<p>Le capitaine Page repose \u00e0 pr\u00e9sent dans la n\u00e9cropole de Bray-sur-Somme.<\/p>\n<div class=\"image_block\"><img loading=\"lazy\" decoding=\"async\" class=\"aligncenter\" title=\"\" src=\"http:\/\/www.photoethistoire.eu\/blogs\/media\/blogs\/b\/capitaine-page.jpg\" alt=\"\" width=\"280\" height=\"400\" \/><\/div>\n<div class=\"image_block\"><em>(*) Il s&rsquo;agit du \u00ab New Point 110 cemetery \u00bb o\u00f9 seules reposent aujourd&rsquo;hui les d\u00e9pouilles des soldats britanniques. Ce cimeti\u00e8re a \u00e9t\u00e9 \u00e9rig\u00e9 par le 403e en mai 1915. Les d\u00e9pouilles des Fran\u00e7ais ont transf\u00e9r\u00e9es vers 1920 dans d&rsquo;autres n\u00e9cropoles dont celles de\u00a0Bray-sur-Somme et Albert<\/em><\/div>\n","protected":false},"excerpt":{"rendered":"<p>Au matin du 25 juillet, les Allemands font sauter une nouvelle mine vers la l\u00e8vre Nord de l&rsquo;entonnoir dit \u00ab\u00a0du 20 juin\u00a0\u00bb. Leur artillerie effectue un tir de barrage auquel r\u00e9pond l&rsquo;artillerie fran\u00e7aise et nouvelle riposte allemande. Au soir les &hellip; <a href=\"https:\/\/www.photoethistoire.eu\/14-18\/2009\/02\/la-depouille-du-capitaine-page-est-retrouvee\/\">Lire la suite <span class=\"meta-nav\">&rarr;<\/span><\/a><\/p>\n","protected":false},"author":1,"featured_media":0,"comment_status":"closed","ping_status":"open","sticky":false,"template":"","format":"standard","meta":{"footnotes":""},"categories":[33],"tags":[],"class_list":["post-167","post","type-post","status-publish","format-standard","hentry","category-somme"],"_links":{"self":[{"href":"https:\/\/www.photoethistoire.eu\/14-18\/wp-json\/wp\/v2\/posts\/167","targetHints":{"allow":["GET"]}}],"collection":[{"href":"https:\/\/www.photoethistoire.eu\/14-18\/wp-json\/wp\/v2\/posts"}],"about":[{"href":"https:\/\/www.photoethistoire.eu\/14-18\/wp-json\/wp\/v2\/types\/post"}],"author":[{"embeddable":true,"href":"https:\/\/www.photoethistoire.eu\/14-18\/wp-json\/wp\/v2\/users\/1"}],"replies":[{"embeddable":true,"href":"https:\/\/www.photoethistoire.eu\/14-18\/wp-json\/wp\/v2\/comments?post=167"}],"version-history":[{"count":1,"href":"https:\/\/www.photoethistoire.eu\/14-18\/wp-json\/wp\/v2\/posts\/167\/revisions"}],"predecessor-version":[{"id":168,"href":"https:\/\/www.photoethistoire.eu\/14-18\/wp-json\/wp\/v2\/posts\/167\/revisions\/168"}],"wp:attachment":[{"href":"https:\/\/www.photoethistoire.eu\/14-18\/wp-json\/wp\/v2\/media?parent=167"}],"wp:term":[{"taxonomy":"category","embeddable":true,"href":"https:\/\/www.photoethistoire.eu\/14-18\/wp-json\/wp\/v2\/categories?post=167"},{"taxonomy":"post_tag","embeddable":true,"href":"https:\/\/www.photoethistoire.eu\/14-18\/wp-json\/wp\/v2\/tags?post=167"}],"curies":[{"name":"wp","href":"https:\/\/api.w.org\/{rel}","templated":true}]}}