{"id":169,"date":"2009-04-11T16:22:30","date_gmt":"2009-04-11T15:22:30","guid":{"rendered":"http:\/\/www.photoethistoire.eu\/14-18\/?p=169"},"modified":"2016-05-20T09:06:45","modified_gmt":"2016-05-20T08:06:45","slug":"la-releve","status":"publish","type":"post","link":"https:\/\/www.photoethistoire.eu\/14-18\/2009\/04\/la-releve\/","title":{"rendered":"La rel\u00e8ve"},"content":{"rendered":"<p>La 301e brigade \u00e0 laquelle appartient le 403e RI est relev\u00e9e par l&rsquo;arm\u00e9e britannique dans le secteur 71-110.<\/p>\n<p>Voici, selon le J.M.O, les pertes subies par le r\u00e9giment durant son s\u00e9jour dans la Somme :<\/p>\n<p><em>Depuis l&rsquo;arriv\u00e9e aux tranch\u00e9es et jusqu&rsquo;au 31 mai<\/em><\/p>\n<p>Bless\u00e9s : 2 Sous-officiers, 3 Caporaux et 59 Soldats<br \/>\nTu\u00e9s : 2 Sous-officiers, 2 Caporaux et 27 Soldats<br \/>\n1 soldat disparu<\/p>\n<p><em>Pour le mois de juin <\/em><\/p>\n<p>Bless\u00e9s : 1 Officier, 2 Sous-officiers, 11 Caporaux et 121 Soldats<br \/>\nTu\u00e9s : 4 Sous-Officiers, 1 Caporal et 35 Soldats.<br \/>\n1 soldat disparu<\/p>\n<p><em>Pour le mois de juillet<\/em><\/p>\n<p>Bless\u00e9s : 2 Officiers, 4 Sous-officiers, 6 Caporaux et 85 Soldats<br \/>\nTu\u00e9s : 1\u00a0Officier, 4 Sous-officiers, 4 Caporaux et 31 Soldats<br \/>\nDisparus: 1 Officier, 6 Sous-officiers, 2 Caporaux et 20 Soldats<\/p>\n<p>Dans la nuit du 4 au 5 ao\u00fbt, l&rsquo;\u00e9tat-major, le 1er bataillon ainsi que les compagnies de mitrailleuses vont cantonner \u00e0 Sailly-Laurette ; tandis que les 2e et 3e bataillons sont \u00e0 Sailly-le-Sec.<\/p>\n<p>Dans la nuit 5 au 6 ao\u00fbt les hommes du 403e changent de cantonnement pour se rendre dans la r\u00e9gion d&rsquo;Amiens. L&rsquo;\u00e9tat-major, les compagnies hors-rang et de mitrailleuses ainsi que les 1e et 2e bataillons sont \u00e0 La Motte Br\u00e9bi\u00e8re. Le 3e bataillon quant \u00e0 lui se retrouve \u00e0 Glizy<\/p>\n<p>Enfin dans la nuit du 6 au 7 ao\u00fbt le 403e rejoint ses cantonnements de repos au Sud-Ouest d&rsquo;Amiens. A Prouzel pour l&rsquo;\u00e9tat-major, la compagnie hors-rang et le 2e bataillon; \u00e0 Bacouel pour le 1er bataillon et \u00e0 Fossanaut pour le 3e bataillon. La compagnie de mitrailleuses se retrouve elle \u00e0 Neuville-l\u00e8s-Loeuilly puis \u00e0 la ferme de Bacouel.<\/p>\n<p>Ce temps de repos n&rsquo;en est pas vraiment un puisqu&rsquo;il est mis \u00e0 profit pour poursuivre l&rsquo;instruction des hommes. Marches, manoeuvres, travaux de campagne rythment le quotidien des soldats.<\/p>\n<p><strong>Un soldat fusill\u00e9 !<\/strong><\/p>\n<p>Un p\u00e9nible \u00e9v\u00e9nement interne au r\u00e9giment viendra aussi perturber cette p\u00e9riode de repos. Un soldat de la 2e compagnie est en effet condamn\u00e9 \u00e0 mort par le conseil de guerre de la 151e division et ex\u00e9cut\u00e9 le 14 ao\u00fbt \u00e0 Wailly o\u00f9 si\u00e8ge la division en pr\u00e9sence du 1er bataillon du 403e. Les motifs de la condamnation sont les suivants : <em>\u00ab\u00a0voies de fait et outrages envers un sup\u00e9rieur\u00a0\u00bb.\u00a0<\/em><\/p>\n<p>Certes nous sommes en guerre ces\u00a0faits sont passibles du conseil de guerre. Mais, apparemment, l&rsquo;homme \u00e9tait ivre lorsqu&rsquo;il s&rsquo;est rebell\u00e9, aussi on\u00a0peut s&rsquo;interroger sur l&rsquo;inhumanit\u00e9 d&rsquo;une telle sentence !<\/p>\n","protected":false},"excerpt":{"rendered":"<p>La 301e brigade \u00e0 laquelle appartient le 403e RI est relev\u00e9e par l&rsquo;arm\u00e9e britannique dans le secteur 71-110. Voici, selon le J.M.O, les pertes subies par le r\u00e9giment durant son s\u00e9jour dans la Somme : Depuis l&rsquo;arriv\u00e9e aux tranch\u00e9es et &hellip; <a href=\"https:\/\/www.photoethistoire.eu\/14-18\/2009\/04\/la-releve\/\">Lire la suite <span class=\"meta-nav\">&rarr;<\/span><\/a><\/p>\n","protected":false},"author":1,"featured_media":0,"comment_status":"closed","ping_status":"open","sticky":false,"template":"","format":"standard","meta":{"footnotes":""},"categories":[33],"tags":[],"class_list":["post-169","post","type-post","status-publish","format-standard","hentry","category-somme"],"_links":{"self":[{"href":"https:\/\/www.photoethistoire.eu\/14-18\/wp-json\/wp\/v2\/posts\/169","targetHints":{"allow":["GET"]}}],"collection":[{"href":"https:\/\/www.photoethistoire.eu\/14-18\/wp-json\/wp\/v2\/posts"}],"about":[{"href":"https:\/\/www.photoethistoire.eu\/14-18\/wp-json\/wp\/v2\/types\/post"}],"author":[{"embeddable":true,"href":"https:\/\/www.photoethistoire.eu\/14-18\/wp-json\/wp\/v2\/users\/1"}],"replies":[{"embeddable":true,"href":"https:\/\/www.photoethistoire.eu\/14-18\/wp-json\/wp\/v2\/comments?post=169"}],"version-history":[{"count":2,"href":"https:\/\/www.photoethistoire.eu\/14-18\/wp-json\/wp\/v2\/posts\/169\/revisions"}],"predecessor-version":[{"id":1278,"href":"https:\/\/www.photoethistoire.eu\/14-18\/wp-json\/wp\/v2\/posts\/169\/revisions\/1278"}],"wp:attachment":[{"href":"https:\/\/www.photoethistoire.eu\/14-18\/wp-json\/wp\/v2\/media?parent=169"}],"wp:term":[{"taxonomy":"category","embeddable":true,"href":"https:\/\/www.photoethistoire.eu\/14-18\/wp-json\/wp\/v2\/categories?post=169"},{"taxonomy":"post_tag","embeddable":true,"href":"https:\/\/www.photoethistoire.eu\/14-18\/wp-json\/wp\/v2\/tags?post=169"}],"curies":[{"name":"wp","href":"https:\/\/api.w.org\/{rel}","templated":true}]}}