{"id":1695,"date":"2017-09-05T16:45:43","date_gmt":"2017-09-05T15:45:43","guid":{"rendered":"http:\/\/www.photoethistoire.eu\/14-18\/?p=1695"},"modified":"2017-09-05T18:36:06","modified_gmt":"2017-09-05T17:36:06","slug":"maquis-du-bourlet-02092017","status":"publish","type":"post","link":"https:\/\/www.photoethistoire.eu\/14-18\/2017\/09\/maquis-du-bourlet-02092017\/","title":{"rendered":"Maquis du Bourlet 02\/09\/2017"},"content":{"rendered":"<p>Chaque ann\u00e9e \u00e0 m\u00eame \u00e9poque, les membres de la Fraternelle de la r\u00e9sistance Beauraing-Gedinne, et leurs sympathisants, se retrouvent pour l&rsquo;hommage aux combattants du maquis du Bourlet. L&rsquo;\u00e9motion \u00e9tait particuli\u00e8re cette ann\u00e9e car notre ch\u00e8re pr\u00e9sidente <a href=\"https:\/\/www.photoethistoire.eu\/14-18\/2017\/09\/blanche-pochet-dite-blanchette\/\" target=\"_blank\" rel=\"noopener\">\u00ab\u00a0Blanchette\u00a0\u00bb<\/a>, l&rsquo;\u00e2me de notre fraternelle, nous avait quitt\u00e9s le 1er juin dernier ; mais nous sentions sa pr\u00e9sence bienveillante \u00e0 nos c\u00f4t\u00e9s.<\/p>\n<p><img loading=\"lazy\" decoding=\"async\" class=\"size-full wp-image-1698 alignnone\" src=\"https:\/\/www.photoethistoire.eu\/14-18\/wp-content\/uploads\/2017\/09\/Baronville1.jpg\" alt=\"\" width=\"650\" height=\"433\" srcset=\"https:\/\/www.photoethistoire.eu\/14-18\/wp-content\/uploads\/2017\/09\/Baronville1.jpg 650w, https:\/\/www.photoethistoire.eu\/14-18\/wp-content\/uploads\/2017\/09\/Baronville1-300x200.jpg 300w, https:\/\/www.photoethistoire.eu\/14-18\/wp-content\/uploads\/2017\/09\/Baronville1-450x300.jpg 450w\" sizes=\"auto, (max-width: 650px) 100vw, 650px\" \/>Comme de coutume c&rsquo;est aux portes de l&rsquo;ancien site militaire de Baronville, qui porte d\u00e9sormais le nom de \u00ab\u00a0Quartier Lieutenant Louis Tholom\u00e9\u00a0\u00bb, que d\u00e9bute cette matin\u00e9e comm\u00e9morative.<\/p>\n<p><img loading=\"lazy\" decoding=\"async\" class=\"aligncenter size-full wp-image-1700\" src=\"https:\/\/www.photoethistoire.eu\/14-18\/wp-content\/uploads\/2017\/09\/Von\u00eache2.jpg\" alt=\"\" width=\"500\" height=\"750\" srcset=\"https:\/\/www.photoethistoire.eu\/14-18\/wp-content\/uploads\/2017\/09\/Von\u00eache2.jpg 500w, https:\/\/www.photoethistoire.eu\/14-18\/wp-content\/uploads\/2017\/09\/Von\u00eache2-200x300.jpg 200w\" sizes=\"auto, (max-width: 500px) 100vw, 500px\" \/><\/p>\n<p>Nous prenons ensuite la route vers le cimeti\u00e8re de Von\u00eache pour nous incliner sur la tombe de la famille du Baron d&rsquo;Huart, famille qui a abrit\u00e9 le maquis dans son domaine au bois du Bourlet&#8230;<\/p>\n<p><img loading=\"lazy\" decoding=\"async\" class=\"aligncenter size-full wp-image-1701\" src=\"https:\/\/www.photoethistoire.eu\/14-18\/wp-content\/uploads\/2017\/09\/Von\u00eache3.jpg\" alt=\"\" width=\"1125\" height=\"750\" srcset=\"https:\/\/www.photoethistoire.eu\/14-18\/wp-content\/uploads\/2017\/09\/Von\u00eache3.jpg 1125w, https:\/\/www.photoethistoire.eu\/14-18\/wp-content\/uploads\/2017\/09\/Von\u00eache3-300x200.jpg 300w, https:\/\/www.photoethistoire.eu\/14-18\/wp-content\/uploads\/2017\/09\/Von\u00eache3-768x512.jpg 768w, https:\/\/www.photoethistoire.eu\/14-18\/wp-content\/uploads\/2017\/09\/Von\u00eache3-1024x683.jpg 1024w, https:\/\/www.photoethistoire.eu\/14-18\/wp-content\/uploads\/2017\/09\/Von\u00eache3-450x300.jpg 450w\" sizes=\"auto, (max-width: 1125px) 100vw, 1125px\" \/><\/p>\n<p>&#8230;avant d&rsquo;aller nous recueillir sur la tombe o\u00f9 repose notre ch\u00e8re Blanchette et sur laquelle sa petite-fille ainsi que le bourgmestre de Beauraing ont d\u00e9pos\u00e9 les gerbes.<\/p>\n<p><img loading=\"lazy\" decoding=\"async\" class=\"aligncenter size-full wp-image-1702\" src=\"https:\/\/www.photoethistoire.eu\/14-18\/wp-content\/uploads\/2017\/09\/Von\u00eache4.jpg\" alt=\"\" width=\"1098\" height=\"750\" srcset=\"https:\/\/www.photoethistoire.eu\/14-18\/wp-content\/uploads\/2017\/09\/Von\u00eache4.jpg 1098w, https:\/\/www.photoethistoire.eu\/14-18\/wp-content\/uploads\/2017\/09\/Von\u00eache4-300x205.jpg 300w, https:\/\/www.photoethistoire.eu\/14-18\/wp-content\/uploads\/2017\/09\/Von\u00eache4-768x525.jpg 768w, https:\/\/www.photoethistoire.eu\/14-18\/wp-content\/uploads\/2017\/09\/Von\u00eache4-1024x699.jpg 1024w, https:\/\/www.photoethistoire.eu\/14-18\/wp-content\/uploads\/2017\/09\/Von\u00eache4-439x300.jpg 439w\" sizes=\"auto, (max-width: 1098px) 100vw, 1098px\" \/><\/p>\n<p>Moment d&rsquo;\u00e9motion lorsque tous les drapeaux s&rsquo;inclinent en hommage \u00e0 cette grande Dame et au son de la Braban\u00e7onne.<\/p>\n<p><img loading=\"lazy\" decoding=\"async\" class=\"aligncenter size-full wp-image-1703\" src=\"https:\/\/www.photoethistoire.eu\/14-18\/wp-content\/uploads\/2017\/09\/Von\u00eache5.jpg\" alt=\"\" width=\"1125\" height=\"750\" srcset=\"https:\/\/www.photoethistoire.eu\/14-18\/wp-content\/uploads\/2017\/09\/Von\u00eache5.jpg 1125w, https:\/\/www.photoethistoire.eu\/14-18\/wp-content\/uploads\/2017\/09\/Von\u00eache5-300x200.jpg 300w, https:\/\/www.photoethistoire.eu\/14-18\/wp-content\/uploads\/2017\/09\/Von\u00eache5-768x512.jpg 768w, https:\/\/www.photoethistoire.eu\/14-18\/wp-content\/uploads\/2017\/09\/Von\u00eache5-1024x683.jpg 1024w, https:\/\/www.photoethistoire.eu\/14-18\/wp-content\/uploads\/2017\/09\/Von\u00eache5-450x300.jpg 450w\" sizes=\"auto, (max-width: 1125px) 100vw, 1125px\" \/><\/p>\n<p><img loading=\"lazy\" decoding=\"async\" class=\"aligncenter size-full wp-image-1704\" src=\"https:\/\/www.photoethistoire.eu\/14-18\/wp-content\/uploads\/2017\/09\/Von\u00eache6.jpg\" alt=\"\" width=\"500\" height=\"750\" srcset=\"https:\/\/www.photoethistoire.eu\/14-18\/wp-content\/uploads\/2017\/09\/Von\u00eache6.jpg 500w, https:\/\/www.photoethistoire.eu\/14-18\/wp-content\/uploads\/2017\/09\/Von\u00eache6-200x300.jpg 200w\" sizes=\"auto, (max-width: 500px) 100vw, 500px\" \/><\/p>\n<p>C&rsquo;est ensuite devant le monument aux morts de Von\u00eache que nous nous arr\u00eatons en instant pour honorer les braves de la commune&#8230;.<\/p>\n<p><img loading=\"lazy\" decoding=\"async\" class=\"aligncenter size-full wp-image-1705\" src=\"https:\/\/www.photoethistoire.eu\/14-18\/wp-content\/uploads\/2017\/09\/Von\u00eache7.jpg\" alt=\"\" width=\"1125\" height=\"750\" srcset=\"https:\/\/www.photoethistoire.eu\/14-18\/wp-content\/uploads\/2017\/09\/Von\u00eache7.jpg 1125w, https:\/\/www.photoethistoire.eu\/14-18\/wp-content\/uploads\/2017\/09\/Von\u00eache7-300x200.jpg 300w, https:\/\/www.photoethistoire.eu\/14-18\/wp-content\/uploads\/2017\/09\/Von\u00eache7-768x512.jpg 768w, https:\/\/www.photoethistoire.eu\/14-18\/wp-content\/uploads\/2017\/09\/Von\u00eache7-1024x683.jpg 1024w, https:\/\/www.photoethistoire.eu\/14-18\/wp-content\/uploads\/2017\/09\/Von\u00eache7-450x300.jpg 450w\" sizes=\"auto, (max-width: 1125px) 100vw, 1125px\" \/><\/p>\n<p><img loading=\"lazy\" decoding=\"async\" class=\"aligncenter size-full wp-image-1706\" src=\"https:\/\/www.photoethistoire.eu\/14-18\/wp-content\/uploads\/2017\/09\/Von\u00eache8.jpg\" alt=\"\" width=\"500\" height=\"750\" srcset=\"https:\/\/www.photoethistoire.eu\/14-18\/wp-content\/uploads\/2017\/09\/Von\u00eache8.jpg 500w, https:\/\/www.photoethistoire.eu\/14-18\/wp-content\/uploads\/2017\/09\/Von\u00eache8-200x300.jpg 200w\" sizes=\"auto, (max-width: 500px) 100vw, 500px\" \/><\/p>\n<p>&#8230;avant de nous retrouver devant la plaque en hommage \u00e0 L\u00e9on Parent, fusill\u00e9 au fort d&rsquo;Edegem (Anvers) le 8 d\u00e9cembre 1942 \u00e0 l&rsquo;\u00e2ge de 19 ans&#8230;<\/p>\n<p><img loading=\"lazy\" decoding=\"async\" class=\"aligncenter size-full wp-image-1707\" src=\"https:\/\/www.photoethistoire.eu\/14-18\/wp-content\/uploads\/2017\/09\/Von\u00eache9.jpg\" alt=\"\" width=\"1125\" height=\"750\" srcset=\"https:\/\/www.photoethistoire.eu\/14-18\/wp-content\/uploads\/2017\/09\/Von\u00eache9.jpg 1125w, https:\/\/www.photoethistoire.eu\/14-18\/wp-content\/uploads\/2017\/09\/Von\u00eache9-300x200.jpg 300w, https:\/\/www.photoethistoire.eu\/14-18\/wp-content\/uploads\/2017\/09\/Von\u00eache9-768x512.jpg 768w, https:\/\/www.photoethistoire.eu\/14-18\/wp-content\/uploads\/2017\/09\/Von\u00eache9-1024x683.jpg 1024w, https:\/\/www.photoethistoire.eu\/14-18\/wp-content\/uploads\/2017\/09\/Von\u00eache9-450x300.jpg 450w\" sizes=\"auto, (max-width: 1125px) 100vw, 1125px\" \/><\/p>\n<p>&#8230;puis \u00e0 l&rsquo;\u00e9glise de Von\u00eache pour un office religieux \u00e0 la m\u00e9moire de ceux qui ont lutt\u00e9 et ont donn\u00e9 leur vie pour notre libert\u00e9 :<\/p>\n<p><strong>Auguste PIERARD<\/strong>\u00a0\u2013 2e Carabiniers \u2013 26-08-1914<br \/>\n<strong>Arthur REMACLE<\/strong>\u00a0\u2013 2e Grenadiers \u2013 24-10-1914<br \/>\n<strong>Louis HANNEUSE<\/strong>\u00a0\u2013 4e de Ligne \u2013 31-10-1918<\/p>\n<p><strong>L\u00e9on PARENT<\/strong>\u00a0\u2013 fusill\u00e9 \u00e0 Anvers le 08-12-1915<br \/>\n<strong>Jules MOUTON<\/strong>\u00a0\u2013 d\u00e9port\u00e9 et d\u00e9c\u00e9d\u00e9 \u00e0 Witten le 27-02-1917<br \/>\n<strong>Jules, Victor DEFR\u00caNE<\/strong>\u00a0\u2013 Tu\u00e9 \u00e0 Chavignon (Aisne) le 05-06-1940<\/p>\n<blockquote><p>Les r\u00e9sistants du maquis du Bourlet :<\/p><\/blockquote>\n<p><strong>Louis THOLOM\u00c9<\/strong>\u00a0\u2013 tu\u00e9 le 05-09-1943 au combat de Von\u00eache<br \/>\n<strong>F\u00e9lix STEIVER<\/strong>\u00a0\u2013 tu\u00e9 le 05-09-1943 au combat de Von\u00eache<br \/>\n<strong>Victor POCHET<\/strong>\u00a0\u2013 d\u00e9c\u00e9d\u00e9 en 1945 \u00e0 Flossenb\u00fcrg<br \/>\n<strong>Fernand DEVILLE<\/strong>\u00a0\u2013 fusill\u00e9 \u00e0 Charleroi le 19-11-1943<br \/>\n<strong>Norbert SANDRON<\/strong>\u00a0\u2013 abattu \u00e0 Vresse en mai 1944<br \/>\n<strong>Victor MAGNIER<\/strong>\u00a0\u2013 d\u00e9c\u00e9d\u00e9 le 15-01-19145 \u00e0 Reutlingen<\/p>\n<p><img loading=\"lazy\" decoding=\"async\" class=\"aligncenter size-full wp-image-1715\" src=\"https:\/\/www.photoethistoire.eu\/14-18\/wp-content\/uploads\/2017\/09\/Bourlet-1.jpg\" alt=\"\" width=\"1125\" height=\"750\" srcset=\"https:\/\/www.photoethistoire.eu\/14-18\/wp-content\/uploads\/2017\/09\/Bourlet-1.jpg 1125w, https:\/\/www.photoethistoire.eu\/14-18\/wp-content\/uploads\/2017\/09\/Bourlet-1-300x200.jpg 300w, https:\/\/www.photoethistoire.eu\/14-18\/wp-content\/uploads\/2017\/09\/Bourlet-1-768x512.jpg 768w, https:\/\/www.photoethistoire.eu\/14-18\/wp-content\/uploads\/2017\/09\/Bourlet-1-1024x683.jpg 1024w, https:\/\/www.photoethistoire.eu\/14-18\/wp-content\/uploads\/2017\/09\/Bourlet-1-450x300.jpg 450w\" sizes=\"auto, (max-width: 1125px) 100vw, 1125px\" \/><\/p>\n<p>&#8230;et enfin au bois du Bourlet devant la st\u00e8le \u00e9lev\u00e9e \u00e0 la m\u00e9moire sur les lieux m\u00eame o\u00f9 le Lt Louis Tholom\u00e9 et F\u00e9lix Steiver ont donn\u00e9 leur vie pour prot\u00e9ger la fuite de leurs camarades.<\/p>\n<p><img loading=\"lazy\" decoding=\"async\" class=\"aligncenter size-full wp-image-1708\" src=\"https:\/\/www.photoethistoire.eu\/14-18\/wp-content\/uploads\/2017\/09\/Pondr\u00f4me1.jpg\" alt=\"\" width=\"1125\" height=\"750\" srcset=\"https:\/\/www.photoethistoire.eu\/14-18\/wp-content\/uploads\/2017\/09\/Pondr\u00f4me1.jpg 1125w, https:\/\/www.photoethistoire.eu\/14-18\/wp-content\/uploads\/2017\/09\/Pondr\u00f4me1-300x200.jpg 300w, https:\/\/www.photoethistoire.eu\/14-18\/wp-content\/uploads\/2017\/09\/Pondr\u00f4me1-768x512.jpg 768w, https:\/\/www.photoethistoire.eu\/14-18\/wp-content\/uploads\/2017\/09\/Pondr\u00f4me1-1024x683.jpg 1024w, https:\/\/www.photoethistoire.eu\/14-18\/wp-content\/uploads\/2017\/09\/Pondr\u00f4me1-450x300.jpg 450w\" sizes=\"auto, (max-width: 1125px) 100vw, 1125px\" \/><\/p>\n<p>La journ\u00e9e s&rsquo;est termin\u00e9e, comme de coutume, au \u00ab\u00a0P\u00e2chy\u00a0\u00bb \u00e0 Pondr\u00f4me dans une ambiance qui fit honneur \u00e0 l&rsquo;esprit et \u00e0 l&rsquo;humour de nos anciens de la fraternelle.<\/p>\n<p><img loading=\"lazy\" decoding=\"async\" class=\"aligncenter size-full wp-image-1716\" src=\"https:\/\/www.photoethistoire.eu\/14-18\/wp-content\/uploads\/2017\/09\/Pachy2.jpg\" alt=\"\" width=\"400\" height=\"600\" srcset=\"https:\/\/www.photoethistoire.eu\/14-18\/wp-content\/uploads\/2017\/09\/Pachy2.jpg 400w, https:\/\/www.photoethistoire.eu\/14-18\/wp-content\/uploads\/2017\/09\/Pachy2-200x300.jpg 200w\" sizes=\"auto, (max-width: 400px) 100vw, 400px\" \/>Tr\u00e8s \u00e0 l&rsquo;\u00e9coute de l&rsquo;\u00e9mouvant discours en souvenir de Blanchette (prononc\u00e9 par notre secr\u00e9taire Catherine Jaspart), notre nouveau pr\u00e9sident, Georges Colaux, qui a accept\u00e9 de prendre la lourde succession de Blanchette.<\/p>\n","protected":false},"excerpt":{"rendered":"<p>Chaque ann\u00e9e \u00e0 m\u00eame \u00e9poque, les membres de la Fraternelle de la r\u00e9sistance Beauraing-Gedinne, et leurs sympathisants, se retrouvent pour l&rsquo;hommage aux combattants du maquis du Bourlet. L&rsquo;\u00e9motion \u00e9tait particuli\u00e8re cette ann\u00e9e car notre ch\u00e8re pr\u00e9sidente \u00ab\u00a0Blanchette\u00a0\u00bb, l&rsquo;\u00e2me de notre &hellip; <a href=\"https:\/\/www.photoethistoire.eu\/14-18\/2017\/09\/maquis-du-bourlet-02092017\/\">Lire la suite <span class=\"meta-nav\">&rarr;<\/span><\/a><\/p>\n","protected":false},"author":1,"featured_media":0,"comment_status":"closed","ping_status":"open","sticky":false,"template":"","format":"standard","meta":{"footnotes":""},"categories":[1],"tags":[],"class_list":["post-1695","post","type-post","status-publish","format-standard","hentry","category-chemins"],"_links":{"self":[{"href":"https:\/\/www.photoethistoire.eu\/14-18\/wp-json\/wp\/v2\/posts\/1695","targetHints":{"allow":["GET"]}}],"collection":[{"href":"https:\/\/www.photoethistoire.eu\/14-18\/wp-json\/wp\/v2\/posts"}],"about":[{"href":"https:\/\/www.photoethistoire.eu\/14-18\/wp-json\/wp\/v2\/types\/post"}],"author":[{"embeddable":true,"href":"https:\/\/www.photoethistoire.eu\/14-18\/wp-json\/wp\/v2\/users\/1"}],"replies":[{"embeddable":true,"href":"https:\/\/www.photoethistoire.eu\/14-18\/wp-json\/wp\/v2\/comments?post=1695"}],"version-history":[{"count":15,"href":"https:\/\/www.photoethistoire.eu\/14-18\/wp-json\/wp\/v2\/posts\/1695\/revisions"}],"predecessor-version":[{"id":1728,"href":"https:\/\/www.photoethistoire.eu\/14-18\/wp-json\/wp\/v2\/posts\/1695\/revisions\/1728"}],"wp:attachment":[{"href":"https:\/\/www.photoethistoire.eu\/14-18\/wp-json\/wp\/v2\/media?parent=1695"}],"wp:term":[{"taxonomy":"category","embeddable":true,"href":"https:\/\/www.photoethistoire.eu\/14-18\/wp-json\/wp\/v2\/categories?post=1695"},{"taxonomy":"post_tag","embeddable":true,"href":"https:\/\/www.photoethistoire.eu\/14-18\/wp-json\/wp\/v2\/tags?post=1695"}],"curies":[{"name":"wp","href":"https:\/\/api.w.org\/{rel}","templated":true}]}}