{"id":1737,"date":"2017-07-02T09:45:32","date_gmt":"2017-07-02T08:45:32","guid":{"rendered":"http:\/\/www.photoethistoire.eu\/14-18\/?p=1737"},"modified":"2025-10-30T17:20:17","modified_gmt":"2025-10-30T16:20:17","slug":"beauraing-dit-au-revoira-blanchette","status":"publish","type":"post","link":"https:\/\/www.photoethistoire.eu\/14-18\/2017\/07\/beauraing-dit-au-revoira-blanchette\/","title":{"rendered":"Beauraing dit \u00ab\u00a0au-revoir\u00a0\u00bb\u00e0 Blanchette"},"content":{"rendered":"<p>Blanche Pochet, cette grande Dame, figure de la r\u00e9sistance beaurinoise, a cess\u00e9 le combat le 1er juin dernier.<\/p>\n<p>La ville de Beauraing, ses amis de la fraternelle Beauraing-Gedinne, nos amis fran\u00e7ais et ceux de la fraternelle des Chasseurs Ardennais, ont dit \u00ab\u00a0au-revoir\u00a0\u00bb \u00e0 Blanche ce mercredi 7 juin. Elle nous avait donn\u00e9 rendez-vous au pied du monument aux morts o\u00f9 sont grav\u00e9s les noms de tant de compagnons. Et c&rsquo;est l\u00e0 que nous l&rsquo;avons accueillie, dans l&rsquo;\u00e9motion que l&rsquo;on devine ; pour l&rsquo;accompagner, ensuite, vers sa derni\u00e8re demeure \u00e0 Von\u00eache.<\/p>\n<p><img loading=\"lazy\" decoding=\"async\" class=\"aligncenter size-full wp-image-1742\" src=\"https:\/\/www.photoethistoire.eu\/14-18\/wp-content\/uploads\/2017\/09\/Hommage-Blanchette3.jpg\" alt=\"\" width=\"1102\" height=\"750\" srcset=\"https:\/\/www.photoethistoire.eu\/14-18\/wp-content\/uploads\/2017\/09\/Hommage-Blanchette3.jpg 1102w, https:\/\/www.photoethistoire.eu\/14-18\/wp-content\/uploads\/2017\/09\/Hommage-Blanchette3-300x204.jpg 300w, https:\/\/www.photoethistoire.eu\/14-18\/wp-content\/uploads\/2017\/09\/Hommage-Blanchette3-768x523.jpg 768w, https:\/\/www.photoethistoire.eu\/14-18\/wp-content\/uploads\/2017\/09\/Hommage-Blanchette3-1024x697.jpg 1024w, https:\/\/www.photoethistoire.eu\/14-18\/wp-content\/uploads\/2017\/09\/Hommage-Blanchette3-441x300.jpg 441w\" sizes=\"auto, (max-width: 1102px) 100vw, 1102px\" \/><\/p>\n<p><img loading=\"lazy\" decoding=\"async\" class=\"aligncenter size-full wp-image-1743\" src=\"https:\/\/www.photoethistoire.eu\/14-18\/wp-content\/uploads\/2017\/09\/Hommage-Blanchette4.jpg\" alt=\"\" width=\"500\" height=\"750\" srcset=\"https:\/\/www.photoethistoire.eu\/14-18\/wp-content\/uploads\/2017\/09\/Hommage-Blanchette4.jpg 500w, https:\/\/www.photoethistoire.eu\/14-18\/wp-content\/uploads\/2017\/09\/Hommage-Blanchette4-200x300.jpg 200w\" sizes=\"auto, (max-width: 500px) 100vw, 500px\" \/><\/p>\n<p>Et le 24 juin nous nous sommes \u00e0 nouveau retrouv\u00e9s \u00e0 Beauraing pour un hommage plus intime cette fois. C&rsquo;est \u00e0 l&rsquo;\u00e9glise de Beauraing qu&rsquo;a d\u00e9but\u00e9 celui-ci o\u00f9, encore une fois, tous ses amis s&rsquo;\u00e9taient donn\u00e9 rendez-vous.<\/p>\n<p>Ce fut l&rsquo;occasion pour notre secr\u00e9taire, Catherine, de lui rendre un vibrant, chaleureux et \u00e9mouvant hommage.<\/p>\n<p><img loading=\"lazy\" decoding=\"async\" class=\"aligncenter size-full wp-image-1751\" src=\"https:\/\/www.photoethistoire.eu\/14-18\/wp-content\/uploads\/2017\/09\/Catherine-hommage-Blanchette.jpg\" alt=\"\" width=\"1067\" height=\"800\" srcset=\"https:\/\/www.photoethistoire.eu\/14-18\/wp-content\/uploads\/2017\/09\/Catherine-hommage-Blanchette.jpg 1067w, https:\/\/www.photoethistoire.eu\/14-18\/wp-content\/uploads\/2017\/09\/Catherine-hommage-Blanchette-300x225.jpg 300w, https:\/\/www.photoethistoire.eu\/14-18\/wp-content\/uploads\/2017\/09\/Catherine-hommage-Blanchette-768x576.jpg 768w, https:\/\/www.photoethistoire.eu\/14-18\/wp-content\/uploads\/2017\/09\/Catherine-hommage-Blanchette-1024x768.jpg 1024w, https:\/\/www.photoethistoire.eu\/14-18\/wp-content\/uploads\/2017\/09\/Catherine-hommage-Blanchette-400x300.jpg 400w\" sizes=\"auto, (max-width: 1067px) 100vw, 1067px\" \/><\/p>\n<p><em>Ma p&rsquo;tite Blanchette,\u00a0<\/p>\n<p>Ce moment tant redout\u00e9 de te rendre un hommage posthume est malheureusement arriv\u00e9. Le 1er juin, tu as cess\u00e9 ton combat. \u00ab\u00a0Je suis une vieille gatte\u00a0\u00bb, nous disais-tu parfois. Mais pour ce coup-l\u00e0, la vieille gatte nous a vraiment rendu ch\u00e8vres, crois-le bien.<\/p>\n<p>Si je retourne dans mes souvenirs, je m&rsquo;arr\u00eate au d\u00e9but de l&rsquo;ann\u00e9e 1996. Je suis en 3\u00e8me et derni\u00e8re ann\u00e9e d&rsquo;\u00e9tudes \u00e0 l&rsquo;Ecole Normale de Champion. Je dois effectuer un stage dans une classe \u00e0 plusieurs niveaux. Un heureux hasard me conduit \u00e0 Von\u00eache, dans la classe de Mme Fabienne. Ayant choisi de discourir de la r\u00e9sistance dans la r\u00e9gion de Beauraing-Gedinne pour mon m\u00e9moire de fin d&rsquo;\u00e9tudes, je ne me doute pas que je suis tomb\u00e9e dans un fief de la r\u00e9sistance et que je vais rencontrer une figure locale : toi ! Je me rem\u00e9more avec bonheur et nostalgie ta visite dans la classe et l&rsquo;engouement des enfants pour te questionner. Andr\u00e9 Barbier, autre t\u00e9moin invit\u00e9, avait \u00e9galement suscit\u00e9 un grand int\u00e9r\u00eats de la part des p&rsquo;tits Boyons.<\/p>\n<p>Toi, la petite madame comme \u00e7a, comme se plaisait \u00e0 dire mon neveu, avec un grand coeur comme \u00e7a. Toi, la petite dame fluette et coquette. Tes tailleurs toujours choisis avec soin, ton b\u00e9ret port\u00e9 pour les grandes occasion et cet indispensable trait de rouge \u00e0 l\u00e8vres : tu \u00e9tais notre ic\u00f4ne de la mode d&rsquo;apr\u00e8s-guerre \u00e0 nous !<\/p>\n<p>Juste apr\u00e8s cette visite, je n&rsquo;ai pas su r\u00e9sister \u00e0 tes diff\u00e9rentes sollicitation pour endosser le r\u00f4le de porte-drapeau. Gr\u00e2ce \u00e0 toi, j&rsquo;ai red\u00e9couvert la Famenne, l&rsquo;Ardenne Belge, les Ardennes Fran\u00e7aises. Impossible pour moi de te dire non. Tu avais un sens de la persuasion inn\u00e9. D&rsquo;ailleurs mes parents ont embray\u00e9 le pas assez rapidement. Tu \u00e9tais vraiment irr\u00e9sistible.<\/p>\n<p>Ce fut donc le d\u00e9but d&rsquo;une belle et longue histoire m\u00ealant amiti\u00e9, affection tendre, patriotisme et respect mutuel. Je me revois engouffrer dans mes vieilles Golfs les nombreux bouquets que tu confectionnais patiemment avec ton aide-familiale pour nos diff\u00e9rentes c\u00e9r\u00e9monies : celle du Bourlet bien \u00e9videmment, mais \u00e9galement celles du maquis de Graide et de la chapelle du Fl\u00e2chis d&rsquo;Orchimont. Les nombreuses fleurs pr\u00e9sentes dans tes parterres \u00e9taient alors sacrifi\u00e9es pour la patrie !<\/p>\n<p>Le point de d\u00e9part de touts ces exp\u00e9ditions \u00e9tait toujours ta maison de Von\u00eache, que dire de ton sacntuaire ! Quant on entrait chez toi, c&rsquo;est comme si les horloges d&rsquo;arr\u00eataient, c&rsquo;est comme si le temps suspendait son vol. Ta maison \u00e9tait d\u00e9di\u00e9e \u00e0 ta cause : celle de transmettre le souvenir perp\u00e9tuel de ceux qui ont sacrifi\u00e9 leur jeunesse, leur vie m\u00eame \u00e0 d\u00e9fendre notre libert\u00e9. Jamais une visite chez toi ne se terminait sans une anecdote, sans un d\u00e9tail suppl\u00e9mentaire sur cette p\u00e9riode de 40-45.<\/p>\n<p>Un dicton africain dit que quand un vieillard meurt, c&rsquo;est une biblioth\u00e8que qui br\u00fble ! Avec ton d\u00e9part, c&rsquo;est un incendie de taille qui a \u00e9t\u00e9 d\u00e9clench\u00e9.<\/p>\n<p>L&rsquo;anecdote du portefeuille de ton mari, transperc\u00e9 de part en part par une balle allemande \u00e0 Rienne, tu me l&rsquo;a maintes fois racont\u00e9e mais j&rsquo;appr\u00e9ciais chaque foi que tu m&rsquo;\u00e9voques cet \u00e9pisode qui aurait pu bien mal se terminer. Ah, ton Albert ! Malgr\u00e9 les nombreuses ann\u00e9es v\u00e9cues sans lui depuis son d\u00e9part, tu l&rsquo;\u00e9voquais toujours avec la douceur et l&rsquo;amertume de ceux qui ont v\u00e9cu une belle union d&rsquo;amour.<\/p>\n<p>Je me souviens avec grand plaisir de ces d\u00eeners au Pachi \u00e0 Pondr\u00f4me. Tu nous racontais de m\u00e9moire une belle histoire ; celle d&rsquo;un provincial fran\u00e7ais qui veut visiter Paris et la Tour Eiffel et qui rencontre des Fran\u00e7ais de tous horizons, tous plus d\u00e9routants les uns que les autres. Cette histoire, longue de quelques 10 minutes, il n&rsquo;y a que toi qui pouvais la raconter sans te tromper. Nous la r\u00e9clamions chaque ann\u00e9e et, chaque ann\u00e9e, tu nous r\u00e9pondais que ta m\u00e9moire te faisait d\u00e9faut et que tu ne saurais plus \u00eatre \u00e0 la hauteur de nos attentes ! Que nenni ! Nous r\u00e9it\u00e9rions notre demande jusqu&rsquo;\u00e0 obtenir gain de cause et nous n&rsquo;avons jamais \u00e9t\u00e9 d\u00e9\u00e7us, sois en certaine ! Ah ces fameux banquets chez Robert avec les blagues d&rsquo;Augusta, les notes de musique de Paul Pierrard, la signature de la carte \u00e0 Tom, ton aviateur am\u00e9ricain, les chansons entonn\u00e9es au son du clairon&#8230;Tout est grav\u00e9 dans ma m\u00e9moire et je ne r\u00e9sisterai pas au fait de partager ces fabuleux petits moments de ta Grande vie.<\/p>\n<p>Certains l&rsquo;ignorent peut-\u00eatre mais tu avais une grande passion pour le ballon rond. Du Standard (tiens, tiens, comme c&rsquo;est bizarre) aux Diables Rouges en passant par Beauraing, tu nous relatais souvent ton avis sur les matchs, les scores. Tu connaissais bien ton sujet. Mais, dans tous ces hommes en short, tu avais ton chouchou : Fr\u00e9\u00e9\u00e9d\u00e9\u00e9ric ! Ah, un fameux gardien ce petit Brack. Tu n&rsquo;\u00e9tais jamais objective quant tu parlais de lui : si Beauraing avait gagn\u00e9, c&rsquo;\u00e9tait gr\u00e2ce \u00e0 lui et s&rsquo;il avait subi une d\u00e9faite, il ne pouvait pas du tout \u00eatre d\u00e9sign\u00e9 comme responsable !<\/p>\n<p>Blanchette, tu \u00e9tais une femme au caract\u00e8re bien tremp\u00e9, une femme qui ose et qui d\u00e9fie ! Tu \u00e9tais parmi les peu nombreuse de ton \u00e2ge \u00e0 poss\u00e9der ton permis de conduire. Cette libert\u00e9 de d\u00e9placement, tu la revendiquais et tu en \u00e9tais tout logiquement fi\u00e8re. C&rsquo;est donc en voiture que tu partais pour travailler \u00e0 l&rsquo;ext\u00e9rieur, aux Ateliers Albert \u00e0 Bi\u00e8vre durant de nombreuses ann\u00e9es. Encore une fois, tu faisais un peu figure d&rsquo;exception dans ton genre.<\/p>\n<p>Ce sens du d\u00e9fi, on peut notamment le rappeler par ta tenue noire jaune rouge un certain 21 juillet en p\u00e9riode d&rsquo;occupation quand tu tu prom\u00e8nes ainsi par\u00e9e, en guise de provocation de l&rsquo;occupant allemand. Tu illustrais \u00e0 merveille le chant des partisans : \u00ab\u00a0Ici chacun sait ce qu&rsquo;il veut, ce qu&rsquo;il fait quand il passe\u00a0\u00bb.<\/p>\n<p>Ton genre \u00e0 toi, ce n&rsquo;\u00e9tais pas la langue de bois. Qu&rsquo;on aime ou qu&rsquo;on n&rsquo;aime pas, tu disais clairement et simplement les choses, qu&rsquo;elles soient bonnes ou pas \u00e0 entendre ! Sacr\u00e9 vieille Gatte va.<\/p>\n<p>Depuis quelques temps, tu ne savais plus nous accompagner \u00e0 ces c\u00e9r\u00e9monies et cela te causait beaucoup de peine. Les gens qui te visitaient ou te contactaient avaient donc une mission de compte-rendu \u00e0 remplir : qui \u00e9tait l\u00e0 ? qui n&rsquo;\u00e9tait pas l\u00e0 ? combien de porte-drapeaux pr\u00e9sents ? Il fallait que tu puisses te faire une image mentale de ces moments.<\/p>\n<p>Blanchette, ta vie d&rsquo;apr\u00e8s-guerre a \u00e9t\u00e9 consacr\u00e9e \u00e0 perp\u00e9tuer le souvenir de ces Braves. Nos diverses c\u00e9r\u00e9monies annuelles, nos comm\u00e9morations, notre traditionnel voyage de juin avaient tous le m\u00eame but : celui de rappeler la bravoure de ces hommes et de ces femmes et de passer le flambeau aux plus jeunes. Un flambeau, c&rsquo;est le mot exact ! Tu \u00e9tais, pour nous tous, un v\u00e9ritable Flambeau, semblable \u00e0 celui qu&rsquo;on allume chaque ann\u00e9e pour le Relais Sacr\u00e9 quelques jours avant le 11 novembre et qu&rsquo;on achemine de nos villages ardennais vers Dinant, Namur et puis Bruxelles. Ce Flambeau vit son apoth\u00e9ose \u00e0 la Colonne du Congr\u00e8s \u00e0 Bruxelles, devant la tombe du soldat inconnu. Mais notre petite flambeau \u00e0 nous ne s&rsquo;\u00e9teindra jamais, il continuera \u00e0 \u00e9clairer nos actes, \u00e0 illuminer notre esprit longtemps encore.<\/p>\n<p>Ma petite Blanchette, ca va aller, comme tu le disais souvent mais sans toi, c&rsquo;est dur ! Nous te devons une seule promesse : celle de continuer ton combat, tes combats aussi longtemps que ce sera possible de ne pas cesser de fleurir ceux qui sont tomb\u00e9s au champ, ceux qui ont pay\u00e9 cher le pris de notre libert\u00e9.<\/p>\n<p>Tu n&rsquo;es plus physiquement \u00e0 c\u00f4t\u00e9 de nous mais sois assur\u00e9e d&rsquo;une chose : tout ce que tu as sem\u00e9 autour de toi durant ces nombreuses ann\u00e9es de lutte puis de m\u00e9moire continuera longtemps \u00e0 germer en nous !<\/p>\n<p>Tu es partie retrouver tes anciens compagnons de lutte : Eug\u00e8ne, Alfred, Albert, Charles et bien d&rsquo;autres encore. Ensemble, vous reformerez la bande des Copains d&rsquo;Abord, comme celle que Brassens chantait. Je suis certaine que la f\u00eate est belle l\u00e0-haut. Et si vous voulez manger une bonne pizza du Pitch \u00e0 Rochefort, comme au bien vieux temps, n&rsquo;h\u00e9sitez pas \u00e0 commander \u00e0 James qui se fera un plaisir de vous r\u00e9galer. Mais au moment de vous servir, pensez \u00e0 vous rappeler ce que vous aviez command\u00e9, sinon \u00e7a risque encore d&rsquo;\u00eatre un moment d&rsquo;anthologie !<\/p>\n<p>Ma p&rsquo;tite Blanchette, sache simplement que nous tenterons de mettre tout en oeuvre pour que vive longtemps encore vive la Belgique libre et unie !<\/p>\n<p>Ce n&rsquo;est pas un adieu, c&rsquo;est un simple AU REVOIR.<\/em><\/p>\n<p><img loading=\"lazy\" decoding=\"async\" class=\"aligncenter size-full wp-image-1746\" src=\"https:\/\/www.photoethistoire.eu\/14-18\/wp-content\/uploads\/2017\/09\/Hommage-Blanchette.jpg\" alt=\"\" width=\"1000\" height=\"750\" srcset=\"https:\/\/www.photoethistoire.eu\/14-18\/wp-content\/uploads\/2017\/09\/Hommage-Blanchette.jpg 1000w, https:\/\/www.photoethistoire.eu\/14-18\/wp-content\/uploads\/2017\/09\/Hommage-Blanchette-300x225.jpg 300w, https:\/\/www.photoethistoire.eu\/14-18\/wp-content\/uploads\/2017\/09\/Hommage-Blanchette-768x576.jpg 768w, https:\/\/www.photoethistoire.eu\/14-18\/wp-content\/uploads\/2017\/09\/Hommage-Blanchette-400x300.jpg 400w\" sizes=\"auto, (max-width: 1000px) 100vw, 1000px\" \/><\/p>\n<p>A l&rsquo;\u00e9glise, comme au cimeti\u00e8re o\u00f9 nous nous sommes rendus ensuite pour y d\u00e9poser la plaque en la m\u00e9moire de Blanchette, de nombreux porte-drapeaux avaient encore r\u00e9pondu \u00ab\u00a0Pr\u00e9sent\u00a0\u00bb. <\/p>\n<p><img loading=\"lazy\" decoding=\"async\" class=\"aligncenter size-full wp-image-1748\" src=\"https:\/\/www.photoethistoire.eu\/14-18\/wp-content\/uploads\/2017\/09\/Plaque-Blanchette_.jpg\" alt=\"\" width=\"1063\" height=\"800\" srcset=\"https:\/\/www.photoethistoire.eu\/14-18\/wp-content\/uploads\/2017\/09\/Plaque-Blanchette_.jpg 1063w, https:\/\/www.photoethistoire.eu\/14-18\/wp-content\/uploads\/2017\/09\/Plaque-Blanchette_-300x226.jpg 300w, https:\/\/www.photoethistoire.eu\/14-18\/wp-content\/uploads\/2017\/09\/Plaque-Blanchette_-768x578.jpg 768w, https:\/\/www.photoethistoire.eu\/14-18\/wp-content\/uploads\/2017\/09\/Plaque-Blanchette_-1024x771.jpg 1024w, https:\/\/www.photoethistoire.eu\/14-18\/wp-content\/uploads\/2017\/09\/Plaque-Blanchette_-399x300.jpg 399w\" sizes=\"auto, (max-width: 1063px) 100vw, 1063px\" \/><\/p>\n","protected":false},"excerpt":{"rendered":"<p>Blanche Pochet, cette grande Dame, figure de la r\u00e9sistance beaurinoise, a cess\u00e9 le combat le 1er juin dernier. La ville de Beauraing, ses amis de la fraternelle Beauraing-Gedinne, nos amis fran\u00e7ais et ceux de la fraternelle des Chasseurs Ardennais, ont &hellip; <a href=\"https:\/\/www.photoethistoire.eu\/14-18\/2017\/07\/beauraing-dit-au-revoira-blanchette\/\">Lire la suite <span class=\"meta-nav\">&rarr;<\/span><\/a><\/p>\n","protected":false},"author":1,"featured_media":0,"comment_status":"closed","ping_status":"open","sticky":false,"template":"","format":"standard","meta":{"footnotes":""},"categories":[1,47],"tags":[],"class_list":["post-1737","post","type-post","status-publish","format-standard","hentry","category-chemins","category-memo"],"_links":{"self":[{"href":"https:\/\/www.photoethistoire.eu\/14-18\/wp-json\/wp\/v2\/posts\/1737","targetHints":{"allow":["GET"]}}],"collection":[{"href":"https:\/\/www.photoethistoire.eu\/14-18\/wp-json\/wp\/v2\/posts"}],"about":[{"href":"https:\/\/www.photoethistoire.eu\/14-18\/wp-json\/wp\/v2\/types\/post"}],"author":[{"embeddable":true,"href":"https:\/\/www.photoethistoire.eu\/14-18\/wp-json\/wp\/v2\/users\/1"}],"replies":[{"embeddable":true,"href":"https:\/\/www.photoethistoire.eu\/14-18\/wp-json\/wp\/v2\/comments?post=1737"}],"version-history":[{"count":22,"href":"https:\/\/www.photoethistoire.eu\/14-18\/wp-json\/wp\/v2\/posts\/1737\/revisions"}],"predecessor-version":[{"id":1772,"href":"https:\/\/www.photoethistoire.eu\/14-18\/wp-json\/wp\/v2\/posts\/1737\/revisions\/1772"}],"wp:attachment":[{"href":"https:\/\/www.photoethistoire.eu\/14-18\/wp-json\/wp\/v2\/media?parent=1737"}],"wp:term":[{"taxonomy":"category","embeddable":true,"href":"https:\/\/www.photoethistoire.eu\/14-18\/wp-json\/wp\/v2\/categories?post=1737"},{"taxonomy":"post_tag","embeddable":true,"href":"https:\/\/www.photoethistoire.eu\/14-18\/wp-json\/wp\/v2\/tags?post=1737"}],"curies":[{"name":"wp","href":"https:\/\/api.w.org\/{rel}","templated":true}]}}