{"id":1796,"date":"2017-12-08T19:00:44","date_gmt":"2017-12-08T18:00:44","guid":{"rendered":"http:\/\/www.photoethistoire.eu\/14-18\/?p=1796"},"modified":"2019-02-09T17:12:18","modified_gmt":"2019-02-09T16:12:18","slug":"delmache-alfred-leonard","status":"publish","type":"post","link":"https:\/\/www.photoethistoire.eu\/14-18\/2017\/12\/delmache-alfred-leonard\/","title":{"rendered":"DELMACHE Alfred, L\u00e9onard"},"content":{"rendered":"<p>&nbsp;<\/p>\n<p><img loading=\"lazy\" decoding=\"async\" class=\"aligncenter size-full wp-image-1801\" src=\"https:\/\/www.photoethistoire.eu\/14-18\/wp-content\/uploads\/2019\/02\/Delmache-Alfred-1.jpg\" alt=\"\" width=\"500\" height=\"750\" srcset=\"https:\/\/www.photoethistoire.eu\/14-18\/wp-content\/uploads\/2019\/02\/Delmache-Alfred-1.jpg 500w, https:\/\/www.photoethistoire.eu\/14-18\/wp-content\/uploads\/2019\/02\/Delmache-Alfred-1-200x300.jpg 200w\" sizes=\"auto, (max-width: 500px) 100vw, 500px\" \/>Alfred Delmache est n\u00e9 \u00e0 Londeni\u00e8res, le 26 mai 1881 (Seine-Maritime). A l&rsquo;\u00e9poque de son service militaire, il exer\u00e7ait le m\u00e9tier de gar\u00e7on-meunier. Canonnier au 11e R\u00e9giment d&rsquo;Infanterie, il sera gri\u00e8vement bless\u00e9 lors d&rsquo;une corv\u00e9e de ravitaillement le 19 juin 1915 et d\u00e9c\u00e9dera des suites de ses blessures le m\u00eame jour dans une des\u00a0 ambulances de Duisans (Pas-de-Calais) o\u00f9 il avait \u00e9t\u00e9 transport\u00e9. Il est inhum\u00e9 dans le petit cimeti\u00e8re de sa commune de naissance.<\/p>\n<p>Cit\u00e9 \u00e0 l&rsquo;ordre de la 53e Division en ces termes :\u00a0<em>\u00ab\u00a0Excellent soldat, tr\u00e8s gri\u00e8vement bless\u00e9 le 19 juin 1915, alors qu&rsquo;il ex\u00e9cutait une corv\u00e9e de ravitaillement sous un violent bombardement, est mort de ses blessures\u00a0\u00bb<\/em><\/p>\n<p>Il a \u00e9t\u00e9 d\u00e9cor\u00e9 de la Croix de Guerre<\/p>\n","protected":false},"excerpt":{"rendered":"<p>&nbsp; Alfred Delmache est n\u00e9 \u00e0 Londeni\u00e8res, le 26 mai 1881 (Seine-Maritime). A l&rsquo;\u00e9poque de son service militaire, il exer\u00e7ait le m\u00e9tier de gar\u00e7on-meunier. Canonnier au 11e R\u00e9giment d&rsquo;Infanterie, il sera gri\u00e8vement bless\u00e9 lors d&rsquo;une corv\u00e9e de ravitaillement le 19 &hellip; <a href=\"https:\/\/www.photoethistoire.eu\/14-18\/2017\/12\/delmache-alfred-leonard\/\">Lire la suite <span class=\"meta-nav\">&rarr;<\/span><\/a><\/p>\n","protected":false},"author":1,"featured_media":0,"comment_status":"closed","ping_status":"open","sticky":false,"template":"","format":"standard","meta":{"footnotes":""},"categories":[51],"tags":[],"class_list":["post-1796","post","type-post","status-publish","format-standard","hentry","category-cimciv"],"_links":{"self":[{"href":"https:\/\/www.photoethistoire.eu\/14-18\/wp-json\/wp\/v2\/posts\/1796","targetHints":{"allow":["GET"]}}],"collection":[{"href":"https:\/\/www.photoethistoire.eu\/14-18\/wp-json\/wp\/v2\/posts"}],"about":[{"href":"https:\/\/www.photoethistoire.eu\/14-18\/wp-json\/wp\/v2\/types\/post"}],"author":[{"embeddable":true,"href":"https:\/\/www.photoethistoire.eu\/14-18\/wp-json\/wp\/v2\/users\/1"}],"replies":[{"embeddable":true,"href":"https:\/\/www.photoethistoire.eu\/14-18\/wp-json\/wp\/v2\/comments?post=1796"}],"version-history":[{"count":5,"href":"https:\/\/www.photoethistoire.eu\/14-18\/wp-json\/wp\/v2\/posts\/1796\/revisions"}],"predecessor-version":[{"id":1803,"href":"https:\/\/www.photoethistoire.eu\/14-18\/wp-json\/wp\/v2\/posts\/1796\/revisions\/1803"}],"wp:attachment":[{"href":"https:\/\/www.photoethistoire.eu\/14-18\/wp-json\/wp\/v2\/media?parent=1796"}],"wp:term":[{"taxonomy":"category","embeddable":true,"href":"https:\/\/www.photoethistoire.eu\/14-18\/wp-json\/wp\/v2\/categories?post=1796"},{"taxonomy":"post_tag","embeddable":true,"href":"https:\/\/www.photoethistoire.eu\/14-18\/wp-json\/wp\/v2\/tags?post=1796"}],"curies":[{"name":"wp","href":"https:\/\/api.w.org\/{rel}","templated":true}]}}