{"id":1827,"date":"2019-02-15T20:20:54","date_gmt":"2019-02-15T19:20:54","guid":{"rendered":"http:\/\/www.photoethistoire.eu\/14-18\/?p=1827"},"modified":"2019-02-16T00:11:24","modified_gmt":"2019-02-15T23:11:24","slug":"rocher-du-roi-albert","status":"publish","type":"post","link":"https:\/\/www.photoethistoire.eu\/14-18\/2019\/02\/rocher-du-roi-albert\/","title":{"rendered":"Rocher du roi Albert"},"content":{"rendered":"<p style=\"text-align: center;\"><em><img loading=\"lazy\" decoding=\"async\" class=\"size-full wp-image-1829\" src=\"https:\/\/www.photoethistoire.eu\/14-18\/wp-content\/uploads\/2019\/02\/Roi-Albert-1er.jpg\" alt=\"\" width=\"6000\" height=\"4000\" srcset=\"https:\/\/www.photoethistoire.eu\/14-18\/wp-content\/uploads\/2019\/02\/Roi-Albert-1er.jpg 6000w, https:\/\/www.photoethistoire.eu\/14-18\/wp-content\/uploads\/2019\/02\/Roi-Albert-1er-300x200.jpg 300w, https:\/\/www.photoethistoire.eu\/14-18\/wp-content\/uploads\/2019\/02\/Roi-Albert-1er-768x512.jpg 768w, https:\/\/www.photoethistoire.eu\/14-18\/wp-content\/uploads\/2019\/02\/Roi-Albert-1er-1024x683.jpg 1024w, https:\/\/www.photoethistoire.eu\/14-18\/wp-content\/uploads\/2019\/02\/Roi-Albert-1er-450x300.jpg 450w\" sizes=\"auto, (max-width: 6000px) 100vw, 6000px\" \/>\u00a0A Marche-les-Dames (province de Namur), l&rsquo;endroit o\u00f9 le roi Albert 1er de Belgique trouva la mort le 17 f\u00e9vrier 1934. La croix marque l&rsquo;endroit o\u00f9 son corps fut retrouv\u00e9 apr\u00e8s sa chute fatale.<\/em><\/p>\n<p><img loading=\"lazy\" decoding=\"async\" class=\"aligncenter size-full wp-image-1830\" src=\"https:\/\/www.photoethistoire.eu\/14-18\/wp-content\/uploads\/2019\/02\/Roi-Albert-1er-2.jpg\" alt=\"\" width=\"6000\" height=\"4000\" srcset=\"https:\/\/www.photoethistoire.eu\/14-18\/wp-content\/uploads\/2019\/02\/Roi-Albert-1er-2.jpg 6000w, https:\/\/www.photoethistoire.eu\/14-18\/wp-content\/uploads\/2019\/02\/Roi-Albert-1er-2-300x200.jpg 300w, https:\/\/www.photoethistoire.eu\/14-18\/wp-content\/uploads\/2019\/02\/Roi-Albert-1er-2-768x512.jpg 768w, https:\/\/www.photoethistoire.eu\/14-18\/wp-content\/uploads\/2019\/02\/Roi-Albert-1er-2-1024x683.jpg 1024w, https:\/\/www.photoethistoire.eu\/14-18\/wp-content\/uploads\/2019\/02\/Roi-Albert-1er-2-450x300.jpg 450w\" sizes=\"auto, (max-width: 6000px) 100vw, 6000px\" \/><\/p>\n<p style=\"text-align: center;\"><em>Le massif rocheux de Beez et Marche-les-Dames que le roi Albert, alpiniste confirm\u00e9, aimait \u00e9galement escalader.\u00a0<\/em><\/p>\n<p style=\"text-align: left;\">Passionn\u00e9 d&rsquo;alpinisme, le roi Albert 1er a escalad\u00e9 les plus grands massifs du Mont-Blanc aux Dolomites en passant par le Valais et faisait partie du <a href=\"https:\/\/fr.wikipedia.org\/wiki\/Groupe_de_haute_montagne\">\u00ab\u00a0Groupe de haute montagne\u00a0\u00bb<\/a>, qui regroupe les plus grands alpinistes fran\u00e7ais et \u00e9trangers.<\/p>\n<p>&nbsp;<\/p>\n","protected":false},"excerpt":{"rendered":"<p>\u00a0A Marche-les-Dames (province de Namur), l&rsquo;endroit o\u00f9 le roi Albert 1er de Belgique trouva la mort le 17 f\u00e9vrier 1934. La croix marque l&rsquo;endroit o\u00f9 son corps fut retrouv\u00e9 apr\u00e8s sa chute fatale. Le massif rocheux de Beez et Marche-les-Dames &hellip; <a href=\"https:\/\/www.photoethistoire.eu\/14-18\/2019\/02\/rocher-du-roi-albert\/\">Lire la suite <span class=\"meta-nav\">&rarr;<\/span><\/a><\/p>\n","protected":false},"author":1,"featured_media":0,"comment_status":"closed","ping_status":"open","sticky":false,"template":"","format":"standard","meta":{"footnotes":""},"categories":[1],"tags":[],"class_list":["post-1827","post","type-post","status-publish","format-standard","hentry","category-chemins"],"_links":{"self":[{"href":"https:\/\/www.photoethistoire.eu\/14-18\/wp-json\/wp\/v2\/posts\/1827","targetHints":{"allow":["GET"]}}],"collection":[{"href":"https:\/\/www.photoethistoire.eu\/14-18\/wp-json\/wp\/v2\/posts"}],"about":[{"href":"https:\/\/www.photoethistoire.eu\/14-18\/wp-json\/wp\/v2\/types\/post"}],"author":[{"embeddable":true,"href":"https:\/\/www.photoethistoire.eu\/14-18\/wp-json\/wp\/v2\/users\/1"}],"replies":[{"embeddable":true,"href":"https:\/\/www.photoethistoire.eu\/14-18\/wp-json\/wp\/v2\/comments?post=1827"}],"version-history":[{"count":4,"href":"https:\/\/www.photoethistoire.eu\/14-18\/wp-json\/wp\/v2\/posts\/1827\/revisions"}],"predecessor-version":[{"id":1834,"href":"https:\/\/www.photoethistoire.eu\/14-18\/wp-json\/wp\/v2\/posts\/1827\/revisions\/1834"}],"wp:attachment":[{"href":"https:\/\/www.photoethistoire.eu\/14-18\/wp-json\/wp\/v2\/media?parent=1827"}],"wp:term":[{"taxonomy":"category","embeddable":true,"href":"https:\/\/www.photoethistoire.eu\/14-18\/wp-json\/wp\/v2\/categories?post=1827"},{"taxonomy":"post_tag","embeddable":true,"href":"https:\/\/www.photoethistoire.eu\/14-18\/wp-json\/wp\/v2\/tags?post=1827"}],"curies":[{"name":"wp","href":"https:\/\/api.w.org\/{rel}","templated":true}]}}