{"id":1835,"date":"2019-02-22T21:09:32","date_gmt":"2019-02-22T20:09:32","guid":{"rendered":"http:\/\/www.photoethistoire.eu\/14-18\/?p=1835"},"modified":"2019-02-24T09:36:57","modified_gmt":"2019-02-24T08:36:57","slug":"dominick-g-gatto-47th-regiment-9th-infantery-division","status":"publish","type":"post","link":"https:\/\/www.photoethistoire.eu\/14-18\/2019\/02\/dominick-g-gatto-47th-regiment-9th-infantery-division\/","title":{"rendered":"Dominick G. Gatto &#8211; 47th Regiment &#8211; 9th Infantry Division"},"content":{"rendered":"<p><img loading=\"lazy\" decoding=\"async\" class=\"aligncenter size-full wp-image-1836\" src=\"https:\/\/www.photoethistoire.eu\/14-18\/wp-content\/uploads\/2019\/02\/St\u00e8le-Dominick-Gatto-1.jpg\" alt=\"\" width=\"750\" height=\"500\" srcset=\"https:\/\/www.photoethistoire.eu\/14-18\/wp-content\/uploads\/2019\/02\/St\u00e8le-Dominick-Gatto-1.jpg 750w, https:\/\/www.photoethistoire.eu\/14-18\/wp-content\/uploads\/2019\/02\/St\u00e8le-Dominick-Gatto-1-300x200.jpg 300w, https:\/\/www.photoethistoire.eu\/14-18\/wp-content\/uploads\/2019\/02\/St\u00e8le-Dominick-Gatto-1-450x300.jpg 450w\" sizes=\"auto, (max-width: 750px) 100vw, 750px\" \/><\/p>\n<p>Sur la N596, peu apr\u00e8s le village de Grandrieu (direction Beaumont), une st\u00e8le rappelle qu&rsquo;\u00e0 cet endroit, un jeune soldat am\u00e9ricain de 21 ans a donn\u00e9 sa vie pour la lib\u00e9ration de notre pays. C&rsquo;\u00e9tait le 3 septembre 1944.<\/p>\n<p><img loading=\"lazy\" decoding=\"async\" class=\"aligncenter size-full wp-image-1837\" src=\"https:\/\/www.photoethistoire.eu\/14-18\/wp-content\/uploads\/2019\/02\/St\u00e8le-Dominick-Gatto-2.jpg\" alt=\"\" width=\"750\" height=\"1156\" srcset=\"https:\/\/www.photoethistoire.eu\/14-18\/wp-content\/uploads\/2019\/02\/St\u00e8le-Dominick-Gatto-2.jpg 750w, https:\/\/www.photoethistoire.eu\/14-18\/wp-content\/uploads\/2019\/02\/St\u00e8le-Dominick-Gatto-2-195x300.jpg 195w, https:\/\/www.photoethistoire.eu\/14-18\/wp-content\/uploads\/2019\/02\/St\u00e8le-Dominick-Gatto-2-664x1024.jpg 664w\" sizes=\"auto, (max-width: 750px) 100vw, 750px\" \/>Dominick Gatto \u00e9tait, au volant d&rsquo;une jeep, en reconnaissance avec sa section lorsqu&rsquo;ils ont \u00e9t\u00e9 pris sous le feu de l&rsquo;artillerie allemande. Il fut tu\u00e9 sur le coup et ses compagnons survivants forc\u00e9s \u00e0 la retraite pour trouver un abri.<\/p>\n<p>Dans l&rsquo;apr\u00e8s-midi, le r\u00e9giment fut inform\u00e9 que le corps du jeune soldat avait \u00e9t\u00e9 transport\u00e9 dans le village de Leugnies o\u00f9 l&rsquo;on lui rendit les honneurs. Ses fun\u00e9railles eurent lieu le lendemain en pr\u00e9sence de tout le village.<\/p>\n<p><em>Vous trouverez plus d&rsquo;information concernant l&rsquo;histoire de ce soldat \u00e0 cette adresse : <a href=\"http:\/\/www.notorious-ninth.com\/dominick-g-gatto-death-and-funeral-in-belgium-september-1944\" target=\"_blank\" rel=\"noopener\">Dominick Gatto death and funeral<\/a><\/em><\/p>\n","protected":false},"excerpt":{"rendered":"<p>Sur la N596, peu apr\u00e8s le village de Grandrieu (direction Beaumont), une st\u00e8le rappelle qu&rsquo;\u00e0 cet endroit, un jeune soldat am\u00e9ricain de 21 ans a donn\u00e9 sa vie pour la lib\u00e9ration de notre pays. C&rsquo;\u00e9tait le 3 septembre 1944. Dominick &hellip; <a href=\"https:\/\/www.photoethistoire.eu\/14-18\/2019\/02\/dominick-g-gatto-47th-regiment-9th-infantery-division\/\">Lire la suite <span class=\"meta-nav\">&rarr;<\/span><\/a><\/p>\n","protected":false},"author":1,"featured_media":0,"comment_status":"closed","ping_status":"open","sticky":false,"template":"","format":"standard","meta":{"footnotes":""},"categories":[1],"tags":[],"class_list":["post-1835","post","type-post","status-publish","format-standard","hentry","category-chemins"],"_links":{"self":[{"href":"https:\/\/www.photoethistoire.eu\/14-18\/wp-json\/wp\/v2\/posts\/1835","targetHints":{"allow":["GET"]}}],"collection":[{"href":"https:\/\/www.photoethistoire.eu\/14-18\/wp-json\/wp\/v2\/posts"}],"about":[{"href":"https:\/\/www.photoethistoire.eu\/14-18\/wp-json\/wp\/v2\/types\/post"}],"author":[{"embeddable":true,"href":"https:\/\/www.photoethistoire.eu\/14-18\/wp-json\/wp\/v2\/users\/1"}],"replies":[{"embeddable":true,"href":"https:\/\/www.photoethistoire.eu\/14-18\/wp-json\/wp\/v2\/comments?post=1835"}],"version-history":[{"count":4,"href":"https:\/\/www.photoethistoire.eu\/14-18\/wp-json\/wp\/v2\/posts\/1835\/revisions"}],"predecessor-version":[{"id":1842,"href":"https:\/\/www.photoethistoire.eu\/14-18\/wp-json\/wp\/v2\/posts\/1835\/revisions\/1842"}],"wp:attachment":[{"href":"https:\/\/www.photoethistoire.eu\/14-18\/wp-json\/wp\/v2\/media?parent=1835"}],"wp:term":[{"taxonomy":"category","embeddable":true,"href":"https:\/\/www.photoethistoire.eu\/14-18\/wp-json\/wp\/v2\/categories?post=1835"},{"taxonomy":"post_tag","embeddable":true,"href":"https:\/\/www.photoethistoire.eu\/14-18\/wp-json\/wp\/v2\/tags?post=1835"}],"curies":[{"name":"wp","href":"https:\/\/api.w.org\/{rel}","templated":true}]}}