{"id":1843,"date":"2019-03-03T12:19:26","date_gmt":"2019-03-03T11:19:26","guid":{"rendered":"http:\/\/www.photoethistoire.eu\/14-18\/?p=1843"},"modified":"2019-03-03T12:25:12","modified_gmt":"2019-03-03T11:25:12","slug":"saint-marcoult-belgique","status":"publish","type":"post","link":"https:\/\/www.photoethistoire.eu\/14-18\/2019\/03\/saint-marcoult-belgique\/","title":{"rendered":"Saint-Marcoult (Belgique)"},"content":{"rendered":"<p><img loading=\"lazy\" decoding=\"async\" class=\"size-full wp-image-1844\" src=\"https:\/\/www.photoethistoire.eu\/14-18\/wp-content\/uploads\/2019\/03\/Monument-maquisards.jpg\" alt=\"\" width=\"750\" height=\"500\" srcset=\"https:\/\/www.photoethistoire.eu\/14-18\/wp-content\/uploads\/2019\/03\/Monument-maquisards.jpg 750w, https:\/\/www.photoethistoire.eu\/14-18\/wp-content\/uploads\/2019\/03\/Monument-maquisards-300x200.jpg 300w, https:\/\/www.photoethistoire.eu\/14-18\/wp-content\/uploads\/2019\/03\/Monument-maquisards-450x300.jpg 450w\" sizes=\"auto, (max-width: 750px) 100vw, 750px\" \/><\/p>\n<p>Dans un petit village du Tournaisis (Saint-Marcoult &#8211; entit\u00e9 de Silly) un monument a \u00e9t\u00e9 \u00e9rig\u00e9 en hommage aux habitants et aux membres de l&rsquo;Arm\u00e9e Secr\u00e8te de Saint-Marcoult. On peut y lire :<\/p>\n<blockquote><p>En t\u00e9moignage de reconnaissance aux habitants, aux membres de l&rsquo;A.S de Saint-Marcoult dont le silence et l&rsquo;aide effective permirent \u00e0 l&rsquo;arm\u00e9e secr\u00e8te la r\u00e9alisation de sa mission. 1940-1944<\/p><\/blockquote>\n<p><span style=\"font-weight: 300;\">Sur la porte de l&rsquo;\u00e9glise, un \u00e9criteau rappelle les faits en ces termes :<\/span><\/p>\n<blockquote><p>Saint-Marcoult : haut lieu de la r\u00e9sistance durant la seconde guerre mondiale. D\u00e8s 1943, la \u00ab\u00a0Commission de parachutage de l&rsquo;Arm\u00e9e Secr\u00e8te\u00a0\u00bb avait propos\u00e9 \u00e0 Londres la plaine de Saint-Marcoult comme site potentiel. La proximit\u00e9 du champ d&rsquo;aviation de Chi\u00e8vres avait d&rsquo;abord suscit\u00e9 des objections de la part de la R.A.F (Royal Air Force : force a\u00e9rienne britannique), mais ces r\u00e9ticences seront surmont\u00e9es. Du 15 mars au 10 septembre 1944, 10 op\u00e9rations de parachutage auront lieu amenant pr\u00e8s de 40 tonnes d&rsquo;armes, munitions, explosifs et mat\u00e9riel divers.<\/p><\/blockquote>\n<p>Dans la chapelle au pied de laquelle est \u00e9rig\u00e9 le monument,\u00a0 l&rsquo;Historial<strong> \u00ab\u00a0MaquiStory\u00a0\u00bb<\/strong> est install\u00e9 qui permet de d\u00e9couvrir l&rsquo;histoire des r\u00e9sistants.<\/p>\n<p>A noter que le\u00a0<strong><a href=\"http:\/\/www.silly.be\/loisirs\/tourisme\/syndicat-dinitiative\">Syndicat d&rsquo;initiative de Silly<\/a><\/strong><a href=\"http:\/\/www.silly.be\/loisirs\/tourisme\/syndicat-dinitiative\">\u00a0<\/a>, a cr\u00e9\u00e9 une promenade dite\u00a0 \u00ab\u00a0Promenade du Maquis de Saint-Marcoult \u00ab\u00a0.\u00a0<em>(Pour les visites de l&rsquo;Historial se renseigner aupr\u00e8s du Syndicat d&rsquo;initiative)<\/em><\/p>\n","protected":false},"excerpt":{"rendered":"<p>Dans un petit village du Tournaisis (Saint-Marcoult &#8211; entit\u00e9 de Silly) un monument a \u00e9t\u00e9 \u00e9rig\u00e9 en hommage aux habitants et aux membres de l&rsquo;Arm\u00e9e Secr\u00e8te de Saint-Marcoult. On peut y lire : En t\u00e9moignage de reconnaissance aux habitants, aux &hellip; <a href=\"https:\/\/www.photoethistoire.eu\/14-18\/2019\/03\/saint-marcoult-belgique\/\">Lire la suite <span class=\"meta-nav\">&rarr;<\/span><\/a><\/p>\n","protected":false},"author":1,"featured_media":0,"comment_status":"closed","ping_status":"open","sticky":false,"template":"","format":"standard","meta":{"footnotes":""},"categories":[22],"tags":[],"class_list":["post-1843","post","type-post","status-publish","format-standard","hentry","category-monu"],"_links":{"self":[{"href":"https:\/\/www.photoethistoire.eu\/14-18\/wp-json\/wp\/v2\/posts\/1843","targetHints":{"allow":["GET"]}}],"collection":[{"href":"https:\/\/www.photoethistoire.eu\/14-18\/wp-json\/wp\/v2\/posts"}],"about":[{"href":"https:\/\/www.photoethistoire.eu\/14-18\/wp-json\/wp\/v2\/types\/post"}],"author":[{"embeddable":true,"href":"https:\/\/www.photoethistoire.eu\/14-18\/wp-json\/wp\/v2\/users\/1"}],"replies":[{"embeddable":true,"href":"https:\/\/www.photoethistoire.eu\/14-18\/wp-json\/wp\/v2\/comments?post=1843"}],"version-history":[{"count":9,"href":"https:\/\/www.photoethistoire.eu\/14-18\/wp-json\/wp\/v2\/posts\/1843\/revisions"}],"predecessor-version":[{"id":1853,"href":"https:\/\/www.photoethistoire.eu\/14-18\/wp-json\/wp\/v2\/posts\/1843\/revisions\/1853"}],"wp:attachment":[{"href":"https:\/\/www.photoethistoire.eu\/14-18\/wp-json\/wp\/v2\/media?parent=1843"}],"wp:term":[{"taxonomy":"category","embeddable":true,"href":"https:\/\/www.photoethistoire.eu\/14-18\/wp-json\/wp\/v2\/categories?post=1843"},{"taxonomy":"post_tag","embeddable":true,"href":"https:\/\/www.photoethistoire.eu\/14-18\/wp-json\/wp\/v2\/tags?post=1843"}],"curies":[{"name":"wp","href":"https:\/\/api.w.org\/{rel}","templated":true}]}}