{"id":1867,"date":"2019-11-14T10:07:58","date_gmt":"2019-11-14T09:07:58","guid":{"rendered":"http:\/\/www.photoethistoire.eu\/14-18\/?p=1867"},"modified":"2020-11-08T11:04:27","modified_gmt":"2020-11-08T10:04:27","slug":"beaufils-joseph-ernest","status":"publish","type":"post","link":"https:\/\/www.photoethistoire.eu\/14-18\/2019\/11\/beaufils-joseph-ernest\/","title":{"rendered":"Joseph, Ernest BEAUFILS"},"content":{"rendered":"<p>Joseph est n\u00e9 le 22 octobre 1884 \u00e0 Haut\u00f4t-le-Vatois (Seine-Maritime). Au moment de son service militaire, il exer\u00e7ait le m\u00e9tier de domestique. Dirig\u00e9 vers le 160e RI en octobre 1905, il aurait \u00e9t\u00e9 dispens\u00e9 de service en tant qu\u2019a\u00een\u00e9 de 8 enfants.<\/p>\n<p>Ce qui est certain c\u2019est qu\u2019il passe au 403e au moment de la cr\u00e9ation du r\u00e9giment en mars 1915.\u00a0 Il sera malheureusement gravement bless\u00e9 le 19 mai 1915 dans les tranch\u00e9es de Fricourt et d\u00e9c\u00e9dera des suites de ses blessures le 3 juin 1915 \u00e0 l\u2019h\u00f4pital 5 bis d\u2019Amiens.\u00a0 Il est inhum\u00e9 \u00e0 Amiens en la N\u00e9cropole Nationale St Acheul \u2013 Tb 1501<\/p>\n<p>La famille de Joseph n\u2019a pas \u00e9t\u00e9 \u00e9pargn\u00e9e par la guerre. En effet son jeune fr\u00e8re Alfred, qui servait au 160e RI,\u00a0 disparu le 11\/05\/1915 dans le Pas-de-Calais, aux combats de La Targette (Neuville-St Vaast) \u2013 Il avait 24 ans.<\/p>\n<p>Quant \u00e0 un autre ses fr\u00e8res, Joseph, L\u00e9on caporal au 24e RI,\u00a0 il a \u00e9t\u00e9, par erreur, d\u00e9clar\u00e9 mort au combat le 4\/07\/1916. En r\u00e9alit\u00e9 il fut fait prisonnier ce jour-l\u00e0 et intern\u00e9 en Allemagne. A Friedberg d\u2019abord, \u00e0 Darmstadt ensuite. Il a heureusement retrouv\u00e9 ses foyers fin 1918 et a fait l\u2019objet de deux citations, une \u00e0 l\u2019ordre du R\u00e9giment en 1915 et l\u2019autre \u00e0 l\u2019ordre de la Division en 1916 et a \u00e9t\u00e9 d\u00e9cor\u00e9 de la Croix de guerre avec \u00e9toile d\u2019argent.<\/p>\n","protected":false},"excerpt":{"rendered":"<p>Joseph est n\u00e9 le 22 octobre 1884 \u00e0 Haut\u00f4t-le-Vatois (Seine-Maritime). Au moment de son service militaire, il exer\u00e7ait le m\u00e9tier de domestique. Dirig\u00e9 vers le 160e RI en octobre 1905, il aurait \u00e9t\u00e9 dispens\u00e9 de service en tant qu\u2019a\u00een\u00e9 de &hellip; <a href=\"https:\/\/www.photoethistoire.eu\/14-18\/2019\/11\/beaufils-joseph-ernest\/\">Lire la suite <span class=\"meta-nav\">&rarr;<\/span><\/a><\/p>\n","protected":false},"author":1,"featured_media":0,"comment_status":"closed","ping_status":"open","sticky":false,"template":"","format":"standard","meta":{"footnotes":""},"categories":[2,54],"tags":[],"class_list":["post-1867","post","type-post","status-publish","format-standard","hentry","category-403e","category-pertes"],"_links":{"self":[{"href":"https:\/\/www.photoethistoire.eu\/14-18\/wp-json\/wp\/v2\/posts\/1867","targetHints":{"allow":["GET"]}}],"collection":[{"href":"https:\/\/www.photoethistoire.eu\/14-18\/wp-json\/wp\/v2\/posts"}],"about":[{"href":"https:\/\/www.photoethistoire.eu\/14-18\/wp-json\/wp\/v2\/types\/post"}],"author":[{"embeddable":true,"href":"https:\/\/www.photoethistoire.eu\/14-18\/wp-json\/wp\/v2\/users\/1"}],"replies":[{"embeddable":true,"href":"https:\/\/www.photoethistoire.eu\/14-18\/wp-json\/wp\/v2\/comments?post=1867"}],"version-history":[{"count":3,"href":"https:\/\/www.photoethistoire.eu\/14-18\/wp-json\/wp\/v2\/posts\/1867\/revisions"}],"predecessor-version":[{"id":1872,"href":"https:\/\/www.photoethistoire.eu\/14-18\/wp-json\/wp\/v2\/posts\/1867\/revisions\/1872"}],"wp:attachment":[{"href":"https:\/\/www.photoethistoire.eu\/14-18\/wp-json\/wp\/v2\/media?parent=1867"}],"wp:term":[{"taxonomy":"category","embeddable":true,"href":"https:\/\/www.photoethistoire.eu\/14-18\/wp-json\/wp\/v2\/categories?post=1867"},{"taxonomy":"post_tag","embeddable":true,"href":"https:\/\/www.photoethistoire.eu\/14-18\/wp-json\/wp\/v2\/tags?post=1867"}],"curies":[{"name":"wp","href":"https:\/\/api.w.org\/{rel}","templated":true}]}}