{"id":1959,"date":"2020-11-08T12:47:20","date_gmt":"2020-11-08T11:47:20","guid":{"rendered":"http:\/\/www.photoethistoire.eu\/14-18\/?p=1959"},"modified":"2020-11-08T12:47:20","modified_gmt":"2020-11-08T11:47:20","slug":"dhieux-auguste","status":"publish","type":"post","link":"https:\/\/www.photoethistoire.eu\/14-18\/2020\/11\/dhieux-auguste\/","title":{"rendered":"DHIEUX Auguste"},"content":{"rendered":"<p>Auguste Dhieux est n\u00e9 le 3 novembre 1895 \u00e0 Auchel (Pas-de-Calais). Il exer\u00e7ait la profession de houilleur.<\/p>\n<p>En d\u00e9cembre 1914 il est au 132e R.I. et passe au 403e en mars 1915. Il a \u00e9t\u00e9 tu\u00e9 au combat \u00e0 Verdun le 8 juin 1916. Ses actions lui ont valu d&rsquo;\u00eatre cit\u00e9 \u00e0 l&rsquo;ordre du 403e R.I. en ces termes :<\/p>\n<p><em><strong>\u00ab\u00a0Soldat courageux et brave d\u00e9sign\u00e9 comme travailleur a continu\u00e9 \u00e0 remplir sa mission malgr\u00e9 un violent bombardement de la tranch\u00e9e dans laquelle il se trouvait. A \u00e9t\u00e9 tu\u00e9 \u00e0 son poste\u00a0\u00bb. <\/strong><\/em><\/p>\n<p>Il est inhum\u00e9 en la N\u00e9cropole de Bras-sur-Meuse. Tb 2846<\/p>\n<p><em>(A noter qu&rsquo;il y a une erreur de r\u00e9giment dans sa fiche de s\u00e9pulture sur laquelle il est indiqu\u00e9 104e RI au lieu de 403e)<\/em><\/p>\n","protected":false},"excerpt":{"rendered":"<p>Auguste Dhieux est n\u00e9 le 3 novembre 1895 \u00e0 Auchel (Pas-de-Calais). Il exer\u00e7ait la profession de houilleur. En d\u00e9cembre 1914 il est au 132e R.I. et passe au 403e en mars 1915. Il a \u00e9t\u00e9 tu\u00e9 au combat \u00e0 Verdun &hellip; <a href=\"https:\/\/www.photoethistoire.eu\/14-18\/2020\/11\/dhieux-auguste\/\">Lire la suite <span class=\"meta-nav\">&rarr;<\/span><\/a><\/p>\n","protected":false},"author":1,"featured_media":0,"comment_status":"closed","ping_status":"open","sticky":false,"template":"","format":"standard","meta":{"footnotes":""},"categories":[2,20],"tags":[],"class_list":["post-1959","post","type-post","status-publish","format-standard","hentry","category-403e","category-cita"],"_links":{"self":[{"href":"https:\/\/www.photoethistoire.eu\/14-18\/wp-json\/wp\/v2\/posts\/1959","targetHints":{"allow":["GET"]}}],"collection":[{"href":"https:\/\/www.photoethistoire.eu\/14-18\/wp-json\/wp\/v2\/posts"}],"about":[{"href":"https:\/\/www.photoethistoire.eu\/14-18\/wp-json\/wp\/v2\/types\/post"}],"author":[{"embeddable":true,"href":"https:\/\/www.photoethistoire.eu\/14-18\/wp-json\/wp\/v2\/users\/1"}],"replies":[{"embeddable":true,"href":"https:\/\/www.photoethistoire.eu\/14-18\/wp-json\/wp\/v2\/comments?post=1959"}],"version-history":[{"count":1,"href":"https:\/\/www.photoethistoire.eu\/14-18\/wp-json\/wp\/v2\/posts\/1959\/revisions"}],"predecessor-version":[{"id":1960,"href":"https:\/\/www.photoethistoire.eu\/14-18\/wp-json\/wp\/v2\/posts\/1959\/revisions\/1960"}],"wp:attachment":[{"href":"https:\/\/www.photoethistoire.eu\/14-18\/wp-json\/wp\/v2\/media?parent=1959"}],"wp:term":[{"taxonomy":"category","embeddable":true,"href":"https:\/\/www.photoethistoire.eu\/14-18\/wp-json\/wp\/v2\/categories?post=1959"},{"taxonomy":"post_tag","embeddable":true,"href":"https:\/\/www.photoethistoire.eu\/14-18\/wp-json\/wp\/v2\/tags?post=1959"}],"curies":[{"name":"wp","href":"https:\/\/api.w.org\/{rel}","templated":true}]}}