{"id":198,"date":"2009-11-25T17:06:39","date_gmt":"2009-11-25T16:06:39","guid":{"rendered":"http:\/\/www.photoethistoire.eu\/14-18\/?p=198"},"modified":"2016-05-20T09:05:17","modified_gmt":"2016-05-20T08:05:17","slug":"1915-sacheve-secteur-de-souain","status":"publish","type":"post","link":"https:\/\/www.photoethistoire.eu\/14-18\/2009\/11\/1915-sacheve-secteur-de-souain\/","title":{"rendered":"1915 s&rsquo;ach\u00e8ve&#8230;Secteur de Souain"},"content":{"rendered":"<p>Apr\u00e8s une p\u00e9riode de repos, les 23 d\u00e9cembre et le 24 d\u00e9cembre 1915 le r\u00e9giment remonte aux tranch\u00e9es. Le 23 c&rsquo;est tout d&rsquo;abord le 3e bataillon qui va relever un bataillon du 81e R.I. Le 24 ce sont les 1er et 2e bataillons qui vont relever 2 bataillons, toujours du 81e.<\/p>\n<p>Cette fois le 403e va prendre possession du sous-secteur Ouest. Dans le JMO ce sous-secteur est d\u00e9crit comme ayant \u00ab\u00a0\u00e0 peu pr\u00e8s\u00a0\u00bb la forme d&rsquo;un rectangle sur un front d&rsquo;environ 1km350. Des trois bataillons qui l&rsquo;occupent, deux sont en premi\u00e8re ligne. Ce sont les 2e et 3e bats, le premier restant en soutien.<\/p>\n<div class=\"image_block\"><img loading=\"lazy\" decoding=\"async\" class=\"aligncenter\" title=\"\" src=\"http:\/\/www.photoethistoire.eu\/blogs\/media\/blogs\/b\/suippecot193-1.jpg\" alt=\"\" width=\"490\" height=\"711\" \/><\/div>\n<p>Dans la partie Ouest du front, occup\u00e9e par le 2e bat., les tranch\u00e9es allemandes sont distantes de 120 m tandis qu&rsquo;\u00e0 l&rsquo;Est (3e bat.) elle ne sont qu&rsquo;\u00e0 40 m des n\u00f4tres. Le 29 d\u00e9cembre, le front occup\u00e9 par la 151e brigade s&rsquo;\u00e9tendra un peu plus vers l&rsquo;Est jusqu&rsquo;au boyau dit \u00ab\u00a0Duchet\u00a0\u00bb. Ce qui am\u00e8ne le 403e \u00e0 \u00e9tendre son front vers l&rsquo;Est \u00ab\u00a0de la valeur d&rsquo;un front de compagnie\u00a0\u00bb<\/p>\n<p>Pour les hommes du 2e bataillon l&rsquo;ann\u00e9e se terminera (le 29) par une riposte \u00e0 un violent bombardement \u00e0 la grenade afin d&#8217;emp\u00eacher toute tentative d&rsquo;attaque.<\/p>\n<p>C&rsquo;est \u00e0 travers la lecture du JMO de la 301e Brigade qu&rsquo;on apprend que les tranch\u00e9es de premi\u00e8re ligne, boulevers\u00e9es, n\u00e9cessiteront de gros travaux et en particulier du point de vue des moyens de communication. La pluie et la proximit\u00e9 de l&rsquo;ennemi rend ces travaux encore plus p\u00e9nibles pour les hommes.<\/p>\n<p>Rien qu&rsquo;au cours ces huit derniers jours, le 403e verra 24 de ses hommes mis hors combat. Parmi lesquels 3 tu\u00e9s.<\/p>\n<p>Ainsi s&rsquo;ach\u00e8ve, pour ce jeune r\u00e9giment, sa premi\u00e8re ann\u00e9e au front. Elle aura, selon les chiffres du JMO, co\u00fbt\u00e9 la vie \u00e0 plus de 500 hommes (307 tu\u00e9s et 290 disparus) et mis hors de combat 967 autres parmi lesquels plusieurs d\u00e9c\u00e9deront des suites de leurs blessures.<\/p>\n<div class=\"image_block\"><img loading=\"lazy\" decoding=\"async\" class=\"aligncenter\" title=\"\" src=\"http:\/\/www.photoethistoire.eu\/blogs\/media\/blogs\/b\/croix1915-2.jpg\" alt=\"\" width=\"267\" height=\"374\" \/><\/div>\n","protected":false},"excerpt":{"rendered":"<p>Apr\u00e8s une p\u00e9riode de repos, les 23 d\u00e9cembre et le 24 d\u00e9cembre 1915 le r\u00e9giment remonte aux tranch\u00e9es. Le 23 c&rsquo;est tout d&rsquo;abord le 3e bataillon qui va relever un bataillon du 81e R.I. Le 24 ce sont les 1er &hellip; <a href=\"https:\/\/www.photoethistoire.eu\/14-18\/2009\/11\/1915-sacheve-secteur-de-souain\/\">Lire la suite <span class=\"meta-nav\">&rarr;<\/span><\/a><\/p>\n","protected":false},"author":1,"featured_media":0,"comment_status":"closed","ping_status":"open","sticky":false,"template":"","format":"standard","meta":{"footnotes":""},"categories":[35],"tags":[],"class_list":["post-198","post","type-post","status-publish","format-standard","hentry","category-marne"],"_links":{"self":[{"href":"https:\/\/www.photoethistoire.eu\/14-18\/wp-json\/wp\/v2\/posts\/198","targetHints":{"allow":["GET"]}}],"collection":[{"href":"https:\/\/www.photoethistoire.eu\/14-18\/wp-json\/wp\/v2\/posts"}],"about":[{"href":"https:\/\/www.photoethistoire.eu\/14-18\/wp-json\/wp\/v2\/types\/post"}],"author":[{"embeddable":true,"href":"https:\/\/www.photoethistoire.eu\/14-18\/wp-json\/wp\/v2\/users\/1"}],"replies":[{"embeddable":true,"href":"https:\/\/www.photoethistoire.eu\/14-18\/wp-json\/wp\/v2\/comments?post=198"}],"version-history":[{"count":1,"href":"https:\/\/www.photoethistoire.eu\/14-18\/wp-json\/wp\/v2\/posts\/198\/revisions"}],"predecessor-version":[{"id":199,"href":"https:\/\/www.photoethistoire.eu\/14-18\/wp-json\/wp\/v2\/posts\/198\/revisions\/199"}],"wp:attachment":[{"href":"https:\/\/www.photoethistoire.eu\/14-18\/wp-json\/wp\/v2\/media?parent=198"}],"wp:term":[{"taxonomy":"category","embeddable":true,"href":"https:\/\/www.photoethistoire.eu\/14-18\/wp-json\/wp\/v2\/categories?post=198"},{"taxonomy":"post_tag","embeddable":true,"href":"https:\/\/www.photoethistoire.eu\/14-18\/wp-json\/wp\/v2\/tags?post=198"}],"curies":[{"name":"wp","href":"https:\/\/api.w.org\/{rel}","templated":true}]}}