{"id":2041,"date":"2021-06-05T18:45:50","date_gmt":"2021-06-05T17:45:50","guid":{"rendered":"http:\/\/www.photoethistoire.eu\/14-18\/?p=2041"},"modified":"2021-06-08T12:10:37","modified_gmt":"2021-06-08T11:10:37","slug":"secteur-de-la-ferme-dhurtebise-2","status":"publish","type":"post","link":"https:\/\/www.photoethistoire.eu\/14-18\/2021\/06\/secteur-de-la-ferme-dhurtebise-2\/","title":{"rendered":"Secteur d&rsquo;Hurtebise (2)"},"content":{"rendered":"<p>Hormis apr\u00e8s de grandes batailles, on ne parle pas ou peu de ces hommes qui, jours apr\u00e8s jours perdent, un \u00e0 un, la vie partout sur le front.<\/p>\n<p>C&rsquo;est ainsi qu&rsquo;entre le 18 et 30 ao\u00fbt, dans son secteur de la Ferme d&rsquo;Hurtebise, le 403e a d\u00e9plor\u00e9 la mort de 27 hommes et relev\u00e9 136 bless\u00e9s parmi lesquels certains mourront des suites de leurs blessures.<\/p>\n<p><em>18 ao\u00fbt :<\/em><\/p>\n<p><strong>DIE<\/strong> Paul, Joseph n\u00e9 le 10\/01\/1887 \u00e0 Saint-Aignan-de-Crasmesnil (Calvados) &#8211; Inhum\u00e9 en la N\u00e9cropole nationale \u00ab\u00a0Pontavert\u00a0\u00bb (Aisne)- Tb 5122<\/p>\n<p><em>19 ao\u00fbt :<\/em><\/p>\n<p><strong>LEROY<\/strong> Gaston (1\u00e8re Cie) n\u00e9 le 08\/04\/1887 \u00e0 Chauny (Aisne) &#8211; Inhum\u00e9 en la N\u00e9cropole nationale \u00ab\u00a0Craonelle\u00a0\u00bb (Marne) &#8211; Tb 1119<br \/>\n<strong>LIBERCE<\/strong> Fran\u00e7ois, Auguste n\u00e9 le 03\/10\/1880 \u00e0 Trouffreville (Eure) &#8211; Inhum\u00e9 en la N\u00e9cropole nationale \u00ab\u00a0Craonelle\u00a0\u00bb &#8211; Tb 1167<br \/>\n<strong>WILLAR<\/strong> Maurice, Louis n\u00e9 le 16\/12\/1878 \u00e0 Paris 17e &#8211; Inhum\u00e9 en la N\u00e9cropole nationale \u00ab\u00a0Craonelle\u00a0\u00bb &#8211; Tb 1128<\/p>\n<p><em>20 ao\u00fbt :<\/em><\/p>\n<p><strong>BERNARD<\/strong> F\u00e9lix, Jean, Mathurin n\u00e9 le 23\/07\/1897 \u00e0 Mor\u00e9ac dans le Morbihan &#8211; (lieu de s\u00e9pulture non connu)<br \/>\n<strong>LAINE<\/strong> Ernest, Henri, Lucien, Eug\u00e8ne n\u00e9 le 29\/09\/1896 \u00e0 Foug\u00e8res (Ille et Vilaine) &#8211; Inhum\u00e9 en la N\u00e9cropole nationale \u00ab\u00a0Craonelle\u00a0\u00bb &#8211; Tb 1153<br \/>\n<strong>LAJUS<\/strong> Justin n\u00e9 le 26\/12\/1895 \u00e0 Saint Justin (Gers) &#8211; Inhum\u00e9 dans le carr\u00e9 militaire \u00ab\u00a0Reims-Ouest\u00a0\u00bb (Marne) &#8211; Tb 307<br \/>\n<strong>MERCERON<\/strong> Xavier, Jules, Louis n\u00e9 le 15\/01\/1891 \u00e0 Les Herbies (Vend\u00e9e) &#8211; Inhum\u00e9 en la N\u00e9cropole nationale \u00ab\u00a0Craonelle\u00a0\u00bb &#8211; Tb 1220<\/p>\n<p><em>21 ao\u00fbt :<\/em><\/p>\n<p><strong>CAMUS<\/strong> Maurice, Denis, Eug\u00e8ne n\u00e9 le 27\/09\/1895 \u00e0 La Chapelle-Vend\u00f4moise (Loir et Cher) &#8211; Lieu d&rsquo;inhumation non connu<br \/>\n<strong>DESCHESNES<\/strong> Georges, Augustin n\u00e9 le 10\/01\/1895 \u00e0 Bernay (Eure) &#8211; Inhum\u00e9 en la N\u00e9cropole nationale \u00ab\u00a0Pontavert\u00a0\u00bb &#8211; Tb 5014<\/p>\n<p><em>22 ao\u00fbt<\/em><\/p>\n<p><strong>GROSSET-JANIN<\/strong> Marcel n\u00e9 le 11\/01\/1897 \u00e0 Domancy (Haute-Savoie) &#8211; Inhum\u00e9 en la N\u00e9cropole nationale \u00ab\u00a0Craonelle\u00a0\u00bb &#8211; Tb 1292<\/p>\n<p><em>24 ao\u00fbt :<\/em><\/p>\n<p><strong>BONAS<\/strong> Marius n\u00e9 le 08\/05\/1896 \u00e0 L\u00e9zat-sur-L\u00e8ze (Ari\u00e8ge) &#8211; lieu de s\u00e9pulture non connu<\/p>\n<p><em>27 ao\u00fbt :<\/em><\/p>\n<p><strong>DANTIN<\/strong> Roger n\u00e9 le 02\/10\/1890 \u00e0 Vic-Fezensac (Gers) &#8211; Inhum\u00e9 en la N\u00e9cropole nationale \u00ab\u00a0Pontavert\u00a0\u00bb &#8211; Tb 4948<br \/>\n<strong>DESPAS<\/strong> Andr\u00e9, Louis, Jules, D\u00e9sir\u00e9 n\u00e9 le 12\/02\/1897 \u00e0 St Georges de Reintembault (Ille et Vilaine) &#8211; Inhum\u00e9 en la N\u00e9cropole nationale \u00ab\u00a0Pontavert\u00a0\u00bb &#8211; Tb 5006<br \/>\n<strong>FAIVRE<\/strong> Gilbert, Ernest n\u00e9 le 15\/02\/1897 \u00e0 Amance (Haute-Sa\u00f4ne) &#8211; Inhum\u00e9 en la N\u00e9cropole nationale \u00ab\u00a0Pontavert\u00a0\u00bb &#8211; Tb 3106<br \/>\n<strong>LAUSSAIN<\/strong> Justin, Emile, Gabriel n\u00e9 le 22\/05\/1896 \u00e0 Aurillac (Cantal) &#8211; lieu d&rsquo;inhumation non connu<\/p>\n<p>&nbsp;<\/p>\n<p style=\"text-align: center;\"><em><strong>D\u00e9c\u00e9d\u00e9s des suites de leurs blessures :<\/strong><\/em><\/p>\n<p><em>22 ao\u00fbt :<\/em><\/p>\n<p><strong>PIERRET<\/strong> Fernand n\u00e9 le 06\/10\/1895 \u00e0 Reims &#8211; Dcd \u00e0 l&rsquo;ambulance 5\/22 \u00e0 Beaurieux &#8211; Inhum\u00e9 en la N\u00e9cropole nationale \u00ab\u00a0Pontavert\u00a0\u00bb &#8211; Tb 1125<\/p>\n<p><em>23 ao\u00fbt :<\/em><\/p>\n<p><strong>Jary <\/strong> Georges, Andr\u00e9 n\u00e9 le 30\/07\/1882 \u00e0 Paris 9e. Bless\u00e9 la veille, dcd \u00e0 l&rsquo;ambulance 13\/17 de Courville. Inhum\u00e9 \u00e0 Bligny (Marne) en la N\u00e9cropole nationale \u00ab\u00a0La Croix-Ferlin\u00a0\u00bb &#8211; Tb 1852<\/p>\n<p><em>27 ao\u00fbt<\/em><\/p>\n<p><strong>LAFORGE<\/strong> Th\u00e9odore, Eug\u00e8ne n\u00e9 le 29\/11\/1880 \u00e0 Bonne Maison (Calvados) &#8211; Dcd \u00e0 l&rsquo;H.O.E 13 de Courlandon (Marne)  Inhum\u00e9 \u00e0 Comercy en la N\u00e9cropole nationale \u00a0\u00bb La Maison Bleue\u00a0\u00bb &#8211; Tb4188<\/p>\n<p><em>30 ao\u00fbt :<\/em><\/p>\n<p><strong>BUARD<\/strong> Guillaume, Fran\u00e7ois n\u00e9 le 04\/02\/1895 \u00e0 Prelan-le-Petit (C\u00f4te d&rsquo;Armor). Dcd \u00e0 Beaurieux (Moulin Rouge) &#8211; Inhum\u00e9 en la N\u00e9cropole nationale \u00ab\u00a0Pontavert\u00a0\u00bb &#8211; Tb 5295<br \/>\n<strong>BUTTIER<\/strong> F\u00e9lix, Eug\u00e8ne n\u00e9 le 16\/10\/1896 \u00e0 Villiers-Charlemagne (Mayenne). Dcd \u00e0 Beaurieux (Moulin Rouge) &#8211; Inhum\u00e9 en la N\u00e9cropole nationale \u00ab\u00a0Pontavert\u00a0\u00bb &#8211; Tb 5307<br \/>\n<strong>BRETONNIERE<\/strong> Cl\u00e9ment, Auguste n\u00e9 le 04\/09\/1896 \u00e0 Saint-Gemmes-le-Robert (Mayenne). Dcd \u00e0 Beaurieux (Moulin Rouge)- Inhum\u00e9 en la N\u00e9cropole nationale \u00ab\u00a0Pontavert\u00a0\u00bb &#8211; Tb 5299<br \/>\n<strong>DOUBLET<\/strong> Henri, Auguste, Jean n\u00e9 le 21\/08\/1895 \u00e0 Les Pas (Manche). Dcd \u00e0 Beaurieux (Moulin Rouge)-Inhum\u00e9 en la N\u00e9cropole nationale \u00ab\u00a0Craonelle\u00a0\u00bb &#8211; Tb 2030<br \/>\n<strong>FRIBOULET<\/strong> Emile, Gustave n\u00e9 le 01\/10\/1895 \u00e0 Sanvic (Le Havre). Dcd \u00e0 Beaurieux (Moulin Rouge) &#8211; Inhum\u00e9 en la N\u00e9cropole nationale \u00ab\u00a0Pontavert\u00a0\u00bb &#8211; Tb 5290<br \/>\n<strong>NESTOR<\/strong> Lucien, Nicolas n\u00e9 le 30\/08\/1897 \u00e0 Changarnier (Alg\u00e9rie) &#8211; Dcd \u00e0 Beaurieux (Moulin Rouge) &#8211; Inhum\u00e9 en la N\u00e9cropole nationale \u00ab\u00a0Pontavert\u00a0\u00bb &#8211; Tb 5301<\/p>\n","protected":false},"excerpt":{"rendered":"<p>Hormis apr\u00e8s de grandes batailles, on ne parle pas ou peu de ces hommes qui, jours apr\u00e8s jours perdent, un \u00e0 un, la vie partout sur le front. C&rsquo;est ainsi qu&rsquo;entre le 18 et 30 ao\u00fbt, dans son secteur de &hellip; <a href=\"https:\/\/www.photoethistoire.eu\/14-18\/2021\/06\/secteur-de-la-ferme-dhurtebise-2\/\">Lire la suite <span class=\"meta-nav\">&rarr;<\/span><\/a><\/p>\n","protected":false},"author":1,"featured_media":0,"comment_status":"closed","ping_status":"open","sticky":false,"template":"","format":"standard","meta":{"footnotes":""},"categories":[54],"tags":[],"class_list":["post-2041","post","type-post","status-publish","format-standard","hentry","category-pertes"],"_links":{"self":[{"href":"https:\/\/www.photoethistoire.eu\/14-18\/wp-json\/wp\/v2\/posts\/2041","targetHints":{"allow":["GET"]}}],"collection":[{"href":"https:\/\/www.photoethistoire.eu\/14-18\/wp-json\/wp\/v2\/posts"}],"about":[{"href":"https:\/\/www.photoethistoire.eu\/14-18\/wp-json\/wp\/v2\/types\/post"}],"author":[{"embeddable":true,"href":"https:\/\/www.photoethistoire.eu\/14-18\/wp-json\/wp\/v2\/users\/1"}],"replies":[{"embeddable":true,"href":"https:\/\/www.photoethistoire.eu\/14-18\/wp-json\/wp\/v2\/comments?post=2041"}],"version-history":[{"count":25,"href":"https:\/\/www.photoethistoire.eu\/14-18\/wp-json\/wp\/v2\/posts\/2041\/revisions"}],"predecessor-version":[{"id":2099,"href":"https:\/\/www.photoethistoire.eu\/14-18\/wp-json\/wp\/v2\/posts\/2041\/revisions\/2099"}],"wp:attachment":[{"href":"https:\/\/www.photoethistoire.eu\/14-18\/wp-json\/wp\/v2\/media?parent=2041"}],"wp:term":[{"taxonomy":"category","embeddable":true,"href":"https:\/\/www.photoethistoire.eu\/14-18\/wp-json\/wp\/v2\/categories?post=2041"},{"taxonomy":"post_tag","embeddable":true,"href":"https:\/\/www.photoethistoire.eu\/14-18\/wp-json\/wp\/v2\/tags?post=2041"}],"curies":[{"name":"wp","href":"https:\/\/api.w.org\/{rel}","templated":true}]}}