{"id":212,"date":"2010-02-18T17:30:11","date_gmt":"2010-02-18T16:30:11","guid":{"rendered":"http:\/\/www.photoethistoire.eu\/14-18\/?p=212"},"modified":"2016-05-20T09:04:58","modified_gmt":"2016-05-20T08:04:58","slug":"les-operations-dans-le-secteur-du-bois-nawe","status":"publish","type":"post","link":"https:\/\/www.photoethistoire.eu\/14-18\/2010\/02\/les-operations-dans-le-secteur-du-bois-nawe\/","title":{"rendered":"Les op\u00e9rations dans le secteur du Bois Naw\u00e9"},"content":{"rendered":"<p>Le rapport du JMO est tr\u00e8s succint au sujet des op\u00e9rations et combats livr\u00e9s par le r\u00e9giment dans ce secteur de Verdun o\u00f9 il ne restera que 17 jours.<\/p>\n<p>Le 28 mai, apr\u00e8s la p\u00e9nible rel\u00e8ve de la nuit pr\u00e9c\u00e9dente et \u00e0 peine install\u00e9 dans la tranch\u00e9e des Caurettes, en soir\u00e9e le 2e bataillon subit un violent bombardement suivi de fusillades, tirs de mitrailleuses et combat \u00e0 la grenade.<\/p>\n<p><strong><em>29 mai<\/em><\/strong><\/p>\n<p>Des patrouilles inspectent le fond en avant du boyau R\u00e9my et l&rsquo;une d&rsquo;elle, p\u00e9n\u00e8trant dans la carri\u00e8re d&rsquo;Haudromont, constate que celle-ci est inoccup\u00e9e par l&rsquo;ennemi.\u00a0 D&rsquo;autres patrouilles explorent aussi la tranch\u00e9e des Lisi\u00e8res sur une distance de 50 m.<\/p>\n<div class=\"image_block\"><a href=\"http:\/\/www.photoethistoire.eu\/blogs\/media\/blogs\/b\/carrhaudromont.jpg\"><img loading=\"lazy\" decoding=\"async\" title=\"\" src=\"http:\/\/www.photoethistoire.eu\/blogs\/media\/blogs\/b\/carrhaudromont.jpg\" alt=\"\" width=\"600\" height=\"381\" \/><\/a><\/div>\n<p><strong><em>30 mai<\/em><\/strong><\/p>\n<p>A 3h 30 du matin le 410e effectue un coup de main sur la partie de la tranch\u00e9e des Lisi\u00e8res occup\u00e9e par les Allemands.\u00a0 Il est appuy\u00e9 par un groupe de grenadiers et un groupe de protection plac\u00e9s sous le commandement des Sous-Lieutenants Dupr\u00e9 et Aubry.\u00a0 La liaison avec le 410 est \u00e9tablie, dans cette tranch\u00e9e, \u00e0 5h du matin.<\/p>\n<p>Dans la journ\u00e9e qui suit, les hommes subiront des bombardements <em>syst\u00e9matiques et continus <\/em>qui ont pour cons\u00e9quence de d\u00e9molir les organisations et, surtout, il y aura d&rsquo;importantes pertes humaines.<\/p>\n<p>Les jours suivant seront ponctu\u00e9s de bombardements (dans le sous-secteur) et on note, le 2 juin, un combat \u00e0 la grenade sur un poste d&rsquo;\u00e9coute du 2e bataillon.<\/p>\n<p><strong><em>4 juin<\/em><\/strong><\/p>\n<p>Grosse \u00e9motion au sein de la 10e Cie qui surprend un groupe d&rsquo;Allemands dans ses lignes. Mais les guetteurs veillent, ils abattent deux hommes et la compagnie fait 8 prisonniers parmi lesquels un officier et un feldwebel (sergent).<\/p>\n<p><strong><em>5 juin<\/em><\/strong><\/p>\n<p>Les bombardements continuent et on note des mouvements de troupes ennemies.<\/p>\n<p><strong><em>7 juin<\/em><\/strong><\/p>\n<p>Un observatoire est install\u00e9 pr\u00e8s du PC du 3e bataillon qui est, en permanence, occup\u00e9 par un sous-officier. A 20h15 on signale une centaine d&rsquo;ennemis dans le ravin de la Dame remontant la pente Est du Bois de Naw\u00e9.<\/p>\n<div class=\"image_block\"><a href=\"http:\/\/www.photoethistoire.eu\/blogs\/media\/blogs\/b\/ravindame.jpg\"><img loading=\"lazy\" decoding=\"async\" title=\"\" src=\"http:\/\/www.photoethistoire.eu\/blogs\/media\/blogs\/b\/ravindame.jpg\" alt=\"\" width=\"600\" height=\"378\" \/><\/a><\/div>\n<p>&nbsp;<\/p>\n<p>Le 8 juin de nombreuses attaques fran\u00e7aises en dehors du secteur et sur la droite de ce dernier ainsi que de nombreux mouvements de troupes ennemies sont \u00e0 nouveau signal\u00e9s.<\/p>\n<p>Extrait du JMO :<\/p>\n<hr \/>\n<p><em><strong>8 juin<\/strong><\/em><\/p>\n<p><em>1er bataillon &#8211; Attaque allemande pr\u00e9c\u00e9d\u00e9e d&rsquo;un violent bombardement sur les ouvrages de Thiaumont o\u00f9 l&rsquo;ennemi prend pied. Le 1er bataillon re\u00e7oit l&rsquo;ordre de contre-attaquer. Le 2e et 4e Cies chassent l&rsquo;ennemi de ces ouvrages et s&rsquo;installent dans la tranch\u00e9e Wagner. Liaison avec le 347e \u00e0 droite et le 293e \u00e0 gauche. Quelques prisonniers.<\/em><\/p>\n<p><em>Cette contre-attaque nous coute 17 tu\u00e9s et 41 bless\u00e9s.<\/em><\/p>\n<p><em>Le 1er bataillon passe sous les ordres du commandant Masseron commandant le 293e et re\u00e7oit l&rsquo;ordre de gagner du terrain en avant de la tranch\u00e9e Wagner. La 1er Cie va s&rsquo;\u00e9tablir au Sud de l&rsquo;abri 118 et construit une tranch\u00e9e \u00e0 100 m au N.E. de la tranch\u00e9e Wagner.<\/em><\/p>\n<p><em><strong>10 juin<\/strong><\/em><\/p>\n<p><em>2e et 3e bataillon &#8211; A 2h15 une troupe ennemie forte d&rsquo;un cinquantaine d&rsquo;hommes est signal\u00e9e dans le ravin de la Couleuvre par un poste avanc\u00e9. Cette troupe accueillie par un feu violent se disperse sans riposter. Une patrouille ram\u00e8ne dans nos lignes un Allemand gri\u00e8vement bless\u00e9.<\/em><\/p>\n<p><em>1er bataillon &#8211; La 1\u00e8re Cie construit une tranch\u00e9e \u00e0 250 m au N.E. de la tranch\u00e9e Wagner face \u00e0 la ferme de Thiaumont.<\/em><\/p>\n<p><em>Vers 15 heures, la 3e Cie (de r\u00e9serve) se porte sur la Cr\u00eate de Thiaumont &#8211; Ravin de la<\/em> <em>Dame &#8211; Corne S.E. du bois de Naw\u00e9. Reconnaissance sur la ferme de Thiaumont.<\/em><\/p>\n<p><em><strong>11 juin<\/strong><\/em><\/p>\n<p><em>2e et 3e bataillons &#8211; Reconnaissance par les officiers du 65e dans la nuit du 11 au 12<\/em><\/p>\n<p><em>1er bataillon &#8211; Violent bombardement . La 3e Cie et un peloton de la 4e Cie reviennent en r\u00e9serve. Une section de la 1\u00e8re Cie de mitrailleuse est port\u00e9e sur la ligne de la 1\u00e8re Cie.<\/em><\/p>\n<p><em><strong>12 juin<\/strong><\/em><\/p>\n<p><em>1er bataillon &#8211; Violent bombardement vers 3h30 sur le secteur du 1er bataillon.\u00a0 A 5h45 attaque ennemie en vagues serr\u00e9es sur le 49e bataillon de Chasseurs, attaque moins dense sur le front du bataillon. Notre feu d&rsquo;infanterie l&rsquo;arr\u00eate.<\/em><\/p>\n<p><em>L&rsquo;artillerie fran\u00e7aises disperse des rassemblements ennemis dans le Ravin de la Dame.\u00a0La 3e Cie renforce la 1\u00e8re ligne.<\/em><\/p>\n<p><em>2e et 3e Cie &#8211; Capture d&rsquo;un Allemand (minenwerfer)<\/em><\/p>\n<p><em>Rel\u00e8ve du 1er bataillon par le 120e Bataillon de Chasseurs. Les compagnies relev\u00e9es vont cantonner de l&rsquo;autre c\u00f4t\u00e9 de la Meuse, \u00e0 Nix\u00e9ville- Blercourt, au S.O. de Verdun.\u00a0<\/em><\/p>\n<p><b><i>13 juin\u00a0<\/i><\/b><\/p>\n<p><em>1er bataillon &#8211; Un bataillon du 39e R.I. contre-attaque devant le front du 1er bataillon du 403e et se cramponne au sol \u00e0 100 m en avant.<\/em><\/p>\n<p><em>Rel\u00e8ve du 1er bataillon par une compagnie du 137e et une section de mitrailleuses. Le 1er bataillon va cantonner \u00e0 Mix\u00e9ville.<\/em><\/p>\n<p><em>2e et 3e bataillon &#8211; capture de trois Allemands. Le 65e R.I. ayant \u00e9t\u00e9 d\u00e9sign\u00e9 pour occuper d&rsquo;autres emplacements que le sous-secteur Nord, le 9e et 11e Cies du 403e sont relev\u00e9es dans la nuit du 13 au 14 par deux compagnies du 160e Bataillon de Chasseurs.<\/em><\/p>\n<hr \/>\n<p>Dans la nuit du 14 au 15 juin, \u00a0tout le reste du r\u00e9giment est relev\u00e9 par le 120e Bataillon de Chasseurs. Les compagnies vont cantonner de l&rsquo;autre c\u00f4t\u00e9 de la Meuse, \u00e0 Nix\u00e9ville- Blercourt, au S.O. de Verdun.<\/p>\n<p>Ce court s\u00e9jour dans le secteur du Bois de Naw\u00e9 (dans le sous-secteur Nord pour les 2e et 3e Bts et\u00a0devant l&rsquo;ouvrage de Thiaumont pour le 1er Bt) aura tout de m\u00eame co\u00fbt\u00e9 la vie \u00e0 97 hommes. Il y aura 380 bless\u00e9s et 42 disparus.<\/p>\n<p>Au 1er bataillon il y aura 52 tu\u00e9s (dont les sous-lieutenants Dehaus et Guisier) , 37\u00a0 disparus et 159 bless\u00e9s (dont les sous-lieutenants Guimas, Noblesse et Cuvinot).<\/p>\n<p>Aux 2e, 3e et CHR il y aura 45 tu\u00e9s (parmi lesquels le sous-lieutenant Cheron). 5 disparus qui appartiennent aux 2e et 3e bataillons qui comptent aussi 221 bless\u00e9s (dont les sous-lieutenant Martin, Chaplain, Bouteille, Dupr\u00e9, Alligrot et Cuny).<\/p>\n","protected":false},"excerpt":{"rendered":"<p>Le rapport du JMO est tr\u00e8s succint au sujet des op\u00e9rations et combats livr\u00e9s par le r\u00e9giment dans ce secteur de Verdun o\u00f9 il ne restera que 17 jours. Le 28 mai, apr\u00e8s la p\u00e9nible rel\u00e8ve de la nuit pr\u00e9c\u00e9dente &hellip; <a href=\"https:\/\/www.photoethistoire.eu\/14-18\/2010\/02\/les-operations-dans-le-secteur-du-bois-nawe\/\">Lire la suite <span class=\"meta-nav\">&rarr;<\/span><\/a><\/p>\n","protected":false},"author":1,"featured_media":0,"comment_status":"closed","ping_status":"open","sticky":false,"template":"","format":"standard","meta":{"footnotes":""},"categories":[37],"tags":[],"class_list":["post-212","post","type-post","status-publish","format-standard","hentry","category-meuse"],"_links":{"self":[{"href":"https:\/\/www.photoethistoire.eu\/14-18\/wp-json\/wp\/v2\/posts\/212","targetHints":{"allow":["GET"]}}],"collection":[{"href":"https:\/\/www.photoethistoire.eu\/14-18\/wp-json\/wp\/v2\/posts"}],"about":[{"href":"https:\/\/www.photoethistoire.eu\/14-18\/wp-json\/wp\/v2\/types\/post"}],"author":[{"embeddable":true,"href":"https:\/\/www.photoethistoire.eu\/14-18\/wp-json\/wp\/v2\/users\/1"}],"replies":[{"embeddable":true,"href":"https:\/\/www.photoethistoire.eu\/14-18\/wp-json\/wp\/v2\/comments?post=212"}],"version-history":[{"count":10,"href":"https:\/\/www.photoethistoire.eu\/14-18\/wp-json\/wp\/v2\/posts\/212\/revisions"}],"predecessor-version":[{"id":1393,"href":"https:\/\/www.photoethistoire.eu\/14-18\/wp-json\/wp\/v2\/posts\/212\/revisions\/1393"}],"wp:attachment":[{"href":"https:\/\/www.photoethistoire.eu\/14-18\/wp-json\/wp\/v2\/media?parent=212"}],"wp:term":[{"taxonomy":"category","embeddable":true,"href":"https:\/\/www.photoethistoire.eu\/14-18\/wp-json\/wp\/v2\/categories?post=212"},{"taxonomy":"post_tag","embeddable":true,"href":"https:\/\/www.photoethistoire.eu\/14-18\/wp-json\/wp\/v2\/tags?post=212"}],"curies":[{"name":"wp","href":"https:\/\/api.w.org\/{rel}","templated":true}]}}