{"id":2123,"date":"2021-09-04T09:30:18","date_gmt":"2021-09-04T08:30:18","guid":{"rendered":"http:\/\/www.photoethistoire.eu\/14-18\/?p=2123"},"modified":"2021-09-04T10:52:10","modified_gmt":"2021-09-04T09:52:10","slug":"il-y-a-78-ans-hommage-a-ceux-du-bourlet","status":"publish","type":"post","link":"https:\/\/www.photoethistoire.eu\/14-18\/2021\/09\/il-y-a-78-ans-hommage-a-ceux-du-bourlet\/","title":{"rendered":"Il y a 78 ans &#8211; Hommage \u00e0 ceux du Bourlet."},"content":{"rendered":"<p>Un certain 4 septembre 1943, les troupes allemandes attaquaient un haut lieu de r\u00e9sistance en Belgique : le camp du Bourlet \u00e0 Von\u00eache. C&rsquo;est une d\u00e9nonciation qui leur fit d\u00e9couvrir ce maquis pourtant bien cach\u00e9 dans les bois de la propri\u00e9t\u00e9 du Baron Huart qui abrita les r\u00e9sistants au p\u00e9ril de sa vie.<\/p>\n<p>Comme tous les ans, depuis 1944, une c\u00e9r\u00e9monie se tient sur les diff\u00e9rents lieux de m\u00e9moire. Elle est organis\u00e9e par la Fraternelle de la r\u00e9sistance Beauraing-Gedinne.<\/p>\n<p>N&rsquo;ayant malheureusement pu \u00eatre des leurs cette ann\u00e9e, mes pens\u00e9es sont avec eux \u00e0 l&rsquo;heure o\u00f9 se d\u00e9roulent les c\u00e9r\u00e9monies et c&rsquo;est pourquoi je remets dans cet article des photos prises au cours des pr\u00e9c\u00e9dentes.<\/p>\n<p>Ce chemin d&rsquo;hommage et de m\u00e9moire d\u00e9bute \u00e0 Baronville\u00a0 aux portes de l&rsquo;ancien site militaire. Il porte aujourd&rsquo;hui le nom du Lieutenant Tholom\u00e9 et une st\u00e8le y a \u00e9t\u00e9 \u00e9rig\u00e9e.<\/p>\n<p><img loading=\"lazy\" decoding=\"async\" class=\"aligncenter\" title=\"\" src=\"http:\/\/www.photoethistoire.eu\/blogs\/media\/blogs\/a\/monuments\/louistholome.jpg\" alt=\"\" width=\"400\" height=\"600\" \/><\/p>\n<p>On se dirige ensuite vers le cimeti\u00e8re de Von\u00eache pour s&rsquo;incliner devant les tombes du Baron Huart et de notre regrett\u00e9e Blanche Pochet dite \u00ab\u00a0Blanchette\u00a0\u00bb.<\/p>\n<p><img loading=\"lazy\" decoding=\"async\" class=\"aligncenter size-full wp-image-1700\" src=\"https:\/\/www.photoethistoire.eu\/14-18\/wp-content\/uploads\/2017\/09\/Von\u00eache2.jpg\" alt=\"\" width=\"500\" height=\"750\" srcset=\"https:\/\/www.photoethistoire.eu\/14-18\/wp-content\/uploads\/2017\/09\/Von\u00eache2.jpg 500w, https:\/\/www.photoethistoire.eu\/14-18\/wp-content\/uploads\/2017\/09\/Von\u00eache2-200x300.jpg 200w\" sizes=\"auto, (max-width: 500px) 100vw, 500px\" \/><\/p>\n<p style=\"text-align: center;\">La tombe de la famille Huart<\/p>\n<p><img loading=\"lazy\" decoding=\"async\" class=\"aligncenter size-full wp-image-1746\" src=\"https:\/\/www.photoethistoire.eu\/14-18\/wp-content\/uploads\/2017\/09\/Hommage-Blanchette.jpg\" alt=\"\" width=\"1000\" height=\"750\" srcset=\"https:\/\/www.photoethistoire.eu\/14-18\/wp-content\/uploads\/2017\/09\/Hommage-Blanchette.jpg 1000w, https:\/\/www.photoethistoire.eu\/14-18\/wp-content\/uploads\/2017\/09\/Hommage-Blanchette-300x225.jpg 300w, https:\/\/www.photoethistoire.eu\/14-18\/wp-content\/uploads\/2017\/09\/Hommage-Blanchette-768x576.jpg 768w, https:\/\/www.photoethistoire.eu\/14-18\/wp-content\/uploads\/2017\/09\/Hommage-Blanchette-400x300.jpg 400w\" sizes=\"auto, (max-width: 1000px) 100vw, 1000px\" \/><\/p>\n<p style=\"text-align: center;\">Les drapeaux s&rsquo;inclinent devant la tombe de la famille Pochet<\/p>\n<p style=\"text-align: center;\">(C&rsquo;est la derni\u00e8re tombe pr\u00e8s du mur d&rsquo;enceinte du cimeti\u00e8re)<\/p>\n<p><img loading=\"lazy\" decoding=\"async\" class=\"aligncenter size-full wp-image-1748\" src=\"https:\/\/www.photoethistoire.eu\/14-18\/wp-content\/uploads\/2017\/09\/Plaque-Blanchette_.jpg\" alt=\"\" width=\"1063\" height=\"800\" srcset=\"https:\/\/www.photoethistoire.eu\/14-18\/wp-content\/uploads\/2017\/09\/Plaque-Blanchette_.jpg 1063w, https:\/\/www.photoethistoire.eu\/14-18\/wp-content\/uploads\/2017\/09\/Plaque-Blanchette_-300x226.jpg 300w, https:\/\/www.photoethistoire.eu\/14-18\/wp-content\/uploads\/2017\/09\/Plaque-Blanchette_-768x578.jpg 768w, https:\/\/www.photoethistoire.eu\/14-18\/wp-content\/uploads\/2017\/09\/Plaque-Blanchette_-1024x771.jpg 1024w, https:\/\/www.photoethistoire.eu\/14-18\/wp-content\/uploads\/2017\/09\/Plaque-Blanchette_-399x300.jpg 399w\" sizes=\"auto, (max-width: 1063px) 100vw, 1063px\" \/><\/p>\n<p style=\"text-align: center;\">En souvenir de notre regrett\u00e9e Blanchette, la plaque offerte par ses amis de la Fraternelle.<\/p>\n<p><img loading=\"lazy\" decoding=\"async\" class=\"aligncenter size-full wp-image-1706\" src=\"https:\/\/www.photoethistoire.eu\/14-18\/wp-content\/uploads\/2017\/09\/Von\u00eache8.jpg\" alt=\"\" width=\"500\" height=\"750\" srcset=\"https:\/\/www.photoethistoire.eu\/14-18\/wp-content\/uploads\/2017\/09\/Von\u00eache8.jpg 500w, https:\/\/www.photoethistoire.eu\/14-18\/wp-content\/uploads\/2017\/09\/Von\u00eache8-200x300.jpg 200w\" sizes=\"auto, (max-width: 500px) 100vw, 500px\" \/><\/p>\n<p style=\"text-align: center;\">L&rsquo;hommage se poursuit devant la st\u00e8le \u00e9rig\u00e9e \u00e0 la m\u00e9moire du jeune L\u00e9on Parent fusill\u00e9 \u00e0 Anvers (Fort d&rsquo;Edegem) le 8\/12\/1942. Il avait 19 ans.<\/p>\n<p>Un service est habituellement c\u00e9l\u00e9br\u00e9 dans l&rsquo;\u00e9glise de Von\u00eache mais l&rsquo;\u00e9glise \u00e9tant devenue inaccessible, il a eu lieu cette ann\u00e9e en l&rsquo;\u00e9glise Sainte-Catherine \u00e0 Froidfontaine.<\/p>\n<p><img loading=\"lazy\" decoding=\"async\" class=\"aligncenter\" title=\"\" src=\"http:\/\/www.photoethistoire.eu\/blogs\/media\/blogs\/a\/monuments\/voneche.jpg\" alt=\"\" width=\"349\" height=\"600\" \/><\/p>\n<p>Dans le porche d&rsquo;entr\u00e9e de l&rsquo;\u00e9glise de Von\u00eache, on pouvait voir les plaques comm\u00e9moratives en souvenir des enfants de la commune morts pour la Patrie.<\/p>\n<p><strong>Auguste PIERARD<\/strong>\u00a0\u2013 2e Carabiniers \u2013 26-08-1914<br \/>\n<strong>Arthur REMACLE<\/strong>\u00a0\u2013 2e Grenadiers \u2013 24-10-1914<br \/>\n<strong>Louis HANNEUSE<\/strong>\u00a0\u2013 4e de Ligne \u2013 31-10-1918<\/p>\n<p><strong>L\u00e9on PARENT<\/strong>\u00a0\u2013 fusill\u00e9 \u00e0 Anvers le 08-12-1915<br \/>\n<strong>Jules MOUTON<\/strong>\u00a0\u2013 d\u00e9port\u00e9 et d\u00e9c\u00e9d\u00e9 \u00e0 Witten le 27-02-1917<br \/>\n<strong>Jules, Victor DEFR\u00caNE<\/strong>\u00a0\u2013 Tu\u00e9 \u00e0 Chavignon (Aisne) le 05-06-1940<\/p>\n<blockquote><p>Les r\u00e9sistants du maquis du Bourlet :<\/p><\/blockquote>\n<p><strong>Louis THOLOM\u00c9<\/strong>\u00a0\u2013 tu\u00e9 le 05-09-1943 au combat de Von\u00eache<br \/>\n<strong>F\u00e9lix STEIVER<\/strong>\u00a0\u2013 tu\u00e9 le 05-09-1943 au combat de Von\u00eache<br \/>\n<strong>Victor POCHET<\/strong>\u00a0\u2013 d\u00e9c\u00e9d\u00e9 en 1945 \u00e0 Flossenb\u00fcrg<br \/>\n<strong>Fernand DEVILLE<\/strong>\u00a0\u2013 fusill\u00e9 \u00e0 Charleroi le 19-11-1943<br \/>\n<strong>Norbert SANDRON<\/strong>\u00a0\u2013 abattu \u00e0 Vresse en mai 1944<br \/>\n<strong>Victor MAGNIER<\/strong>\u00a0\u2013 d\u00e9c\u00e9d\u00e9 le 15-01-19145 \u00e0 Reutlingen<\/p>\n<p>Apr\u00e8s quoi les membres et amis de la fraternelle se dirigent sur les lieux o\u00f9 se cachait le maquis dans les bois de la propri\u00e9t\u00e9 de la famille Huart.<\/p>\n<p><img loading=\"lazy\" decoding=\"async\" class=\"aligncenter\" title=\"\" src=\"http:\/\/www.photoethistoire.eu\/blogs\/media\/blogs\/a\/beauraing\/camp4.jpg\" alt=\"\" width=\"600\" height=\"400\" \/><\/p>\n<p style=\"text-align: center;\">En haut d&rsquo;une clairi\u00e8re, leur cabane est encore pr\u00e9serv\u00e9e<\/p>\n<p><img loading=\"lazy\" decoding=\"async\" class=\"aligncenter\" title=\"\" src=\"http:\/\/www.photoethistoire.eu\/blogs\/media\/blogs\/a\/beauraing\/camp6.jpg\" alt=\"\" width=\"400\" height=\"600\" \/><\/p>\n<p>Tout \u00e0 c\u00f4t\u00e9, la st\u00e8le en hommage au sacrifice du Lieutenant Tholom\u00e9 et de son compagnon F\u00e9lix Steiver.<\/p>\n<p>En souvenir de notre ch\u00e8re Blanchette, qui fut notre pr\u00e9sidente et notre exemple durant de nombreuses ann\u00e9es, je remets ici un extrait du vibrant hommage qu&rsquo;elle pronon\u00e7a envers ces braves, au pied m\u00eame de cette st\u00e8le, en 2009.<\/p>\n<p><em>\u00ab\u00a0Chaque ann\u00e9e, le 1er samedi de septembre depuis 1944, nous venons nous recueillir ici o\u00f9, il y a 66 ans exactement, des hommes qui croyaient \u00e0 la libert\u00e9, \u00e0 l\u2019honneur, \u00e0 la justice, \u00e0 la Patrie libre et unie, se trouvaient devant l\u2019ennemi. Ces braves n\u2019avaient pas courb\u00e9 le dos sous l\u2019envahisseur et entraient de tout coeur dans la r\u00e9sistance et ce n\u2019\u00e9tait pas par peur qu\u2019ils prenaient le maquis.<\/em><\/p>\n<p><em>H\u00e9las une l\u00e2che d\u00e9nonciation les livra \u00e0 l\u2019ennemi. Par leur sacrifice, ils nous ont donn\u00e9 une le\u00e7on de courage et d\u2019abn\u00e9gation. Jamais nous n\u2019oublierons ces milliers de braves et particuli\u00e8rement aujourd\u2019hui le Lieutenant Louis Tholom\u00e9 dit \u00ab\u00a0Lieutenant Andr\u00e9\u00a0\u00bb, arriv\u00e9 \u00e0 Von\u00eache fin avril 1943, sauv\u00e9 plusieurs fois des griffes de la Gestapo.<\/em><\/p>\n<p><em>Le lieutenant avait \u00e9t\u00e9 envoy\u00e9 dans la r\u00e9gion pour discipliner plusieurs maquis des environs. Nous nous souviendrons toujours du \u00ab\u00a0P\u2019tit Louis\u00a0\u00bb si gai, si confiant qui repr\u00e9sente tous ceux qui d\u00e9fendaient la libert\u00e9, l\u2019honneur du pays.<\/em><\/p>\n<p><em>Nous nous souviendrons :<\/em><\/p>\n<p><em>de <strong>F\u00e9lix STEIVER<\/strong>, arriv\u00e9 au camp 3 jours seulement avant d\u2019\u00eatre tu\u00e9 le 5 septembre 1943<\/em><\/p>\n<p><em>du brave <strong>Fernand DEVILLE<\/strong> arr\u00eat\u00e9 le m\u00eame jour et fusill\u00e9 \u00e0 Charleroi le 19 novembre 1943<\/em><\/p>\n<p><em>de <strong>Norbert SANDRON<\/strong> r\u00e9fugi\u00e9 apr\u00e8s l\u2019attaque au camp d\u2019Orchimont et abattu \u00e0 Vresse le 26 mai 1944<\/em><\/p>\n<p><em>de <strong>Victor MAGN\u00c9E<\/strong> d\u00e9c\u00e9d\u00e9 \u00e0 Reutlingen le 15 janvier 1945<\/em><\/p>\n<p><em>de mon papa<strong> Victor POCHET<\/strong> arr\u00eat\u00e9 le 13 ao\u00fbt 1943 qui, apr\u00e8s une marche de la mort de Bleckhamer \u00e0 Cossel, est d\u00e9c\u00e9d\u00e9 dans un wagon \u00e0 Flossenb\u00fcrg le 13 f\u00e9vrier 1945.<\/em><\/p>\n<p><em>de <strong>Roger WAUTELET<\/strong> qui a tant aid\u00e9 \u00ab\u00a0Le Bourlet\u00a0\u00bb et qui est mort comme beaucoup de ses compagnons au camp d\u2019Elbrich le 22 mars 1943.<\/em><\/p>\n<p><em>Ne les oublions jamais et revenons ici pour cet anniversaire avec les jeunes qui ne doivent jamais effacer de leur m\u00e9moire le sacrifice de tous ces milliers de martyrs pour que nous vivions libres ! [..]\u00a0\u00bb<\/em><\/p>\n<p style=\"text-align: center;\"><strong>N&rsquo;oublions jamais !<\/strong><\/p>\n<p>&nbsp;<\/p>\n","protected":false},"excerpt":{"rendered":"<p>Un certain 4 septembre 1943, les troupes allemandes attaquaient un haut lieu de r\u00e9sistance en Belgique : le camp du Bourlet \u00e0 Von\u00eache. C&rsquo;est une d\u00e9nonciation qui leur fit d\u00e9couvrir ce maquis pourtant bien cach\u00e9 dans les bois de la &hellip; <a href=\"https:\/\/www.photoethistoire.eu\/14-18\/2021\/09\/il-y-a-78-ans-hommage-a-ceux-du-bourlet\/\">Lire la suite <span class=\"meta-nav\">&rarr;<\/span><\/a><\/p>\n","protected":false},"author":1,"featured_media":0,"comment_status":"closed","ping_status":"open","sticky":false,"template":"","format":"standard","meta":{"footnotes":""},"categories":[1],"tags":[],"class_list":["post-2123","post","type-post","status-publish","format-standard","hentry","category-chemins"],"_links":{"self":[{"href":"https:\/\/www.photoethistoire.eu\/14-18\/wp-json\/wp\/v2\/posts\/2123","targetHints":{"allow":["GET"]}}],"collection":[{"href":"https:\/\/www.photoethistoire.eu\/14-18\/wp-json\/wp\/v2\/posts"}],"about":[{"href":"https:\/\/www.photoethistoire.eu\/14-18\/wp-json\/wp\/v2\/types\/post"}],"author":[{"embeddable":true,"href":"https:\/\/www.photoethistoire.eu\/14-18\/wp-json\/wp\/v2\/users\/1"}],"replies":[{"embeddable":true,"href":"https:\/\/www.photoethistoire.eu\/14-18\/wp-json\/wp\/v2\/comments?post=2123"}],"version-history":[{"count":7,"href":"https:\/\/www.photoethistoire.eu\/14-18\/wp-json\/wp\/v2\/posts\/2123\/revisions"}],"predecessor-version":[{"id":2131,"href":"https:\/\/www.photoethistoire.eu\/14-18\/wp-json\/wp\/v2\/posts\/2123\/revisions\/2131"}],"wp:attachment":[{"href":"https:\/\/www.photoethistoire.eu\/14-18\/wp-json\/wp\/v2\/media?parent=2123"}],"wp:term":[{"taxonomy":"category","embeddable":true,"href":"https:\/\/www.photoethistoire.eu\/14-18\/wp-json\/wp\/v2\/categories?post=2123"},{"taxonomy":"post_tag","embeddable":true,"href":"https:\/\/www.photoethistoire.eu\/14-18\/wp-json\/wp\/v2\/tags?post=2123"}],"curies":[{"name":"wp","href":"https:\/\/api.w.org\/{rel}","templated":true}]}}