{"id":2177,"date":"2022-01-31T10:19:05","date_gmt":"2022-01-31T09:19:05","guid":{"rendered":"http:\/\/www.photoethistoire.eu\/14-18\/?p=2177"},"modified":"2022-01-31T10:19:53","modified_gmt":"2022-01-31T09:19:53","slug":"s-secteur-de-vaudesson","status":"publish","type":"post","link":"https:\/\/www.photoethistoire.eu\/14-18\/2022\/01\/s-secteur-de-vaudesson\/","title":{"rendered":"s\/Secteur de Vaudesson"},"content":{"rendered":"\n<p>Apr\u00e8s le repos, le r\u00e9giment va prendre son poste dans un nouveau secteur. <\/p>\n\n\n\n<p><strong>29 octobre 1917 <\/strong><\/p>\n\n\n\n<p>A 20h30, le Lt de Laage , adjoint du chef de corps, ainsi que 3 chefs de bataillon sont charg\u00e9s reconna\u00eetre ce futur secteur. <\/p>\n\n\n\n<p><strong>30 octobre<\/strong> &#8211; \u00e0 16h30 les bataillons se dirigent vers les 1\u00e8res lignes. <\/p>\n\n\n\n<p><strong>31 octobre<\/strong> &#8211; A 1h30 les bataillons sont dispos\u00e9s selon la carte ci-dessous. <\/p>\n\n\n\n<p>A savoir : <\/p>\n\n\n\n<p>Les avants-postes sont au Bois d&rsquo;Herly. Ils se composent de 2 Cies (la 6e et la 7e &#8211; la 6e en 1\u00e8res lignes et de 3 sections de mitrailleuses ( 2e CM). Ils sont sous les ordres du commandant Venel; <\/p>\n\n\n\n<p>1 Cie (5e) et 1 sections de mitrailleuses (2e CM) sur les pentes Est du Ravin de Vaudesson<\/p>\n\n\n\n<p>Le groupement de d\u00e9fenses est au Ravin de Belle-Croix \u00e0 savoir : le 3e Bataillon avec sa compagnies de mitrailleuses sous les ordres du commandant Alboussi\u00e8res. <\/p>\n\n\n\n<p>Les 2e et 3e Bataillons ont chacun relev\u00e9 un bataillon du 109e R.I. Le 1\u00e8re Bataillon lui ayant relev\u00e9 un bataillon du 21e R.I.<\/p>\n\n\n\n<p>A 8h le Lt Colonel Collet prend le commandement du s\/secteur de Vaudesson. <\/p>\n\n\n\n<p>A la droite du r\u00e9giment on trouve le 264e R.I. et \u00e0 sa gauche le 75e R.I. <\/p>\n\n\n\n<p>Comme le souligne le J.M.O : <\/p>\n\n\n\n<blockquote class=\"wp-block-quote is-layout-flow wp-block-quote-is-layout-flow\"><p>\u00ab\u00a0Le r\u00e9giment \u00e0 pour mission d&rsquo;organiser le front qu&rsquo;il occupe, en pleine vue des cr\u00eates ennemies, sans boyaux ni tranch\u00e9es. Ce nouveau secteur, terriblement bombard\u00e9 demande, un effort consid\u00e9rable d&rsquo;organisation et de protection\u00a0\u00bb<\/p><\/blockquote>\n\n\n\n<div class=\"wp-block-image\"><figure class=\"aligncenter size-large\"><img loading=\"lazy\" decoding=\"async\" width=\"612\" height=\"1024\" src=\"https:\/\/www.photoethistoire.eu\/14-18\/wp-content\/uploads\/2022\/01\/secteur-Vaudesson--612x1024.jpg\" alt=\"\" class=\"wp-image-2179\" srcset=\"https:\/\/www.photoethistoire.eu\/14-18\/wp-content\/uploads\/2022\/01\/secteur-Vaudesson--612x1024.jpg 612w, https:\/\/www.photoethistoire.eu\/14-18\/wp-content\/uploads\/2022\/01\/secteur-Vaudesson--179x300.jpg 179w, https:\/\/www.photoethistoire.eu\/14-18\/wp-content\/uploads\/2022\/01\/secteur-Vaudesson--768x1284.jpg 768w, https:\/\/www.photoethistoire.eu\/14-18\/wp-content\/uploads\/2022\/01\/secteur-Vaudesson-.jpg 896w\" sizes=\"auto, (max-width: 612px) 100vw, 612px\" \/><figcaption><em>Carte extraite du JMO du 403e R.I. &#8211; Memoiredeshommes.sga.defense.gouv.fr<\/em><\/figcaption><\/figure><\/div>\n\n\n\n<p><\/p>\n","protected":false},"excerpt":{"rendered":"<p>Apr\u00e8s le repos, le r\u00e9giment va prendre son poste dans un nouveau secteur. 29 octobre 1917 A 20h30, le Lt de Laage , adjoint du chef de corps, ainsi que 3 chefs de bataillon sont charg\u00e9s reconna\u00eetre ce futur secteur. &hellip; <a href=\"https:\/\/www.photoethistoire.eu\/14-18\/2022\/01\/s-secteur-de-vaudesson\/\">Lire la suite <span class=\"meta-nav\">&rarr;<\/span><\/a><\/p>\n","protected":false},"author":1,"featured_media":0,"comment_status":"closed","ping_status":"open","sticky":false,"template":"","format":"standard","meta":{"footnotes":""},"categories":[2,39],"tags":[],"class_list":["post-2177","post","type-post","status-publish","format-standard","hentry","category-403e","category-marne17"],"_links":{"self":[{"href":"https:\/\/www.photoethistoire.eu\/14-18\/wp-json\/wp\/v2\/posts\/2177","targetHints":{"allow":["GET"]}}],"collection":[{"href":"https:\/\/www.photoethistoire.eu\/14-18\/wp-json\/wp\/v2\/posts"}],"about":[{"href":"https:\/\/www.photoethistoire.eu\/14-18\/wp-json\/wp\/v2\/types\/post"}],"author":[{"embeddable":true,"href":"https:\/\/www.photoethistoire.eu\/14-18\/wp-json\/wp\/v2\/users\/1"}],"replies":[{"embeddable":true,"href":"https:\/\/www.photoethistoire.eu\/14-18\/wp-json\/wp\/v2\/comments?post=2177"}],"version-history":[{"count":10,"href":"https:\/\/www.photoethistoire.eu\/14-18\/wp-json\/wp\/v2\/posts\/2177\/revisions"}],"predecessor-version":[{"id":2188,"href":"https:\/\/www.photoethistoire.eu\/14-18\/wp-json\/wp\/v2\/posts\/2177\/revisions\/2188"}],"wp:attachment":[{"href":"https:\/\/www.photoethistoire.eu\/14-18\/wp-json\/wp\/v2\/media?parent=2177"}],"wp:term":[{"taxonomy":"category","embeddable":true,"href":"https:\/\/www.photoethistoire.eu\/14-18\/wp-json\/wp\/v2\/categories?post=2177"},{"taxonomy":"post_tag","embeddable":true,"href":"https:\/\/www.photoethistoire.eu\/14-18\/wp-json\/wp\/v2\/tags?post=2177"}],"curies":[{"name":"wp","href":"https:\/\/api.w.org\/{rel}","templated":true}]}}