{"id":218,"date":"2012-02-13T17:52:13","date_gmt":"2012-02-13T16:52:13","guid":{"rendered":"http:\/\/www.photoethistoire.eu\/14-18\/?p=218"},"modified":"2017-02-16T17:07:42","modified_gmt":"2017-02-16T16:07:42","slug":"secteur-de-reims","status":"publish","type":"post","link":"https:\/\/www.photoethistoire.eu\/14-18\/2012\/02\/secteur-de-reims\/","title":{"rendered":"Secteur de Reims"},"content":{"rendered":"<p>Dans la nuit du 23 au 24 ao\u00fbt 1916, les 1er, 2e et 3e Bataillons du 403e vont relever dans le secteur de Reims des bataillons du 288e R.I.<\/p>\n<p>Le 1er Bt du 403e rel\u00e8ve l&rsquo;un d&rsquo;eux dans le sous-secteur de la Butte de tir.<br \/>\nLe 2e Bt dans le sous-secteur de Cernay<\/p>\n<p>Le 3e Bt quant \u00e0 lui rel\u00e8ve une compagnie du 288e en 2e ligne et 2 cies dans Reims.<\/p>\n<p>Le secteur du 403e se pr\u00e9sente ainsi :<\/p>\n<p>&#8211; Au Nord : le chemin de terre qui se situe imm\u00e9diatement au Nord du boyau n\u00b05, l&rsquo;\u00e9pine des Anglais et le Bastion Nord inclus ; ainsi qu&rsquo;une ligne fictive allant de l&rsquo;extr\u00e9mit\u00e9 Nord du Bastion Nord au boyau Hartmann<\/p>\n<p>&#8211; Au Sud : le boyau Grand duc Nicolas (secteur voisin) et une ligne distante de 100m et parall\u00e8le au boyau Linares n\u00b01<\/p>\n<p>Ce secteur est divis\u00e9 en deux sous-secteurs qui sont : \u00e0 gauche le sous-secteur de Cernay, \u00e0 droite celui de la Butte de Tir. Ils sont s\u00e9par\u00e9s par une ligne longeant, au Sud, le boyau n\u00b01 Sud.<\/p>\n<div class=\"image_block\">\n<p style=\"text-align: center;\"><a href=\"http:\/\/www.photoethistoire.eu\/blogs\/media\/blogs\/b\/cartes\/secteur%20reims%20copy.jpg\"><img loading=\"lazy\" decoding=\"async\" class=\"aligncenter\" title=\"\" src=\"http:\/\/www.photoethistoire.eu\/blogs\/media\/blogs\/b\/cartes\/secteur%20reims%20copy.jpg\" alt=\"\" width=\"600\" height=\"533\" \/><\/a><em>Carte extraite JMO du 403e RI &#8211; Source : SGA M\u00e9moires des Hommes (1)<\/em><\/p>\n<\/div>\n<p>Des \u00e9l\u00e9ments du 291e Territorial occupe le secteur en compagnie du 403e.<\/p>\n<p><strong>Disposition des \u00e9l\u00e9ments est la suivante :<\/strong><\/p>\n<p>&#8211; dans le s\/S de Cernay le 403e a 4 Cies + 2 Cies de mitrailleuses et le 291e a 2 cies en 2e ligne.<\/p>\n<p>&#8211; dans le s\/S de la Butte de Tir : le 403e a 3 Cies + 1 Cie de mitrailleuses, le 291e a 1 Cie 1\/2.<\/p>\n<p>2 compagnies sont en r\u00e9serve dans la ville de Reims (rue du Barb\u00e2tre)<\/p>\n<p>Le 293e R\u00e9giment d&rsquo;Infanterie est au Sud avec le 23e Territorial.<\/p>\n<p>Le JMO pr\u00e9cise que la distance entre les tranch\u00e9es allemandes et fran\u00e7aises varie de 600 et 1200 m. Cependant un \u00e9l\u00e9ment de la tranch\u00e9e du Bosqueteau <em>(2)\u00a0<\/em>s&rsquo;avance, devant le village de Cernay, jusqu&rsquo;\u00e0 250m des tranch\u00e9es fran\u00e7aises.<\/p>\n<p>La reconnaissance des lieux, effectu\u00e9e la veille de la rel\u00e8ve, a permis de se rendre-compte de l&rsquo;importance de l&rsquo;\u00e9paisseur des d\u00e9fenses accessoires. Celles-ci atteignent au moins 70m. Et ceci d&rsquo;un c\u00f4t\u00e9 comme de l&rsquo;autre.<\/p>\n<p>Le rapport ajoute qu&rsquo;un coup de main a fort peu de chance de r\u00e9ussir sans la mise en oeuvre de moyens puissants et que, pour qu&rsquo;elle fut efficace, une pr\u00e9paration d&rsquo;artillerie demanderait au moins quelques jours de pr\u00e9paration. Et le rapport pr\u00e9cise que, de ce fait, il a \u00e9t\u00e9 possible d&rsquo;occuper ce front avec un minimum de forces.<\/p>\n<p>Le JMO est plus que succinct sur le s\u00e9jour du 403e dans un secteur qu&rsquo;il d\u00e9crit comme calme et dans lequel l&rsquo;activit\u00e9 de l&rsquo;artillerie allemande est tr\u00e8s faible.<\/p>\n<p>Exception faite du s\/secteur de Cernay qui est souvent bombard\u00e9, plus particuli\u00e8rement le long de la route Reims-Cernay, l&rsquo;artillerie allemande se focalise plus fr\u00e9quemment sur la ville de Reims et sur les batterie fran\u00e7aises en lisi\u00e8re de celle-ci.<\/p>\n<p>Le 25 octobre, l&rsquo;artillerie allemande se montre plus active sur le secteur et toujours plus particuli\u00e8rement sur le s\/secteur de Cernay. Et ce jour-l\u00e0 300 obus de gros calibre sont tir\u00e9s sur la ville de Reims. Le PC ainsi que l&rsquo;habitation du Colonel sont touch\u00e9s (un obus tombe \u00e0 hauteur de l&rsquo;\u00e9tage). Le bombardement se poursuivra jusqu&rsquo;au 28 octobre.<\/p>\n<p>Et le 23 novembre c&rsquo;est la premi\u00e8re ligne du s\/secteur de Cernay qui re\u00e7oit une quarantaine d&rsquo;obus.<\/p>\n<p>Le 5 novembre Reims est encore bombard\u00e9e ainsi que durant les journ\u00e9es des 14 et 15 d\u00e9cembre. A raison d&rsquo;une trentaine d&rsquo;obus pour le 14 et 40 le 15.<\/p>\n<p>On apprend \u00e9galement que :<\/p>\n<p>&#8211; des patrouilles ont lieu chaque nuit dans chaque s\/secteur afin d&rsquo;en assurer la s\u00e9curit\u00e9, que des reconnaissances des lignes allemandes ont lieu r\u00e9guli\u00e8rement. Reconnaissances qui ont notamment permis de pratiquer des br\u00e8ches dans leur r\u00e9seau et d&rsquo;apporter des renseignements \u00ab\u00a0int\u00e9ressants\u00a0\u00bb.<\/p>\n<p>&#8211; le 12 octobre, une patrouille qui s&rsquo;\u00e9tait avanc\u00e9e dans les d\u00e9fenses accessoires de la tranch\u00e9e de Kiel, y a trouv\u00e9 une enveloppe r\u00e9cente. Ce qui a permis d&rsquo;\u00e9tablir la pr\u00e9sence, devant le front du 403e, du 118e R\u00e9giment d&rsquo;Infanterie(appartenant \u00e0 la 56e division allemande). Cependant le 15 novembre des Allemands faits prisonniers dans un secteur voisin ont d\u00e9clar\u00e9 que cette division avait \u00e9t\u00e9 remplac\u00e9e par la 46e Division de R\u00e9serve. Ce qui a \u00e9t\u00e9 confirm\u00e9 par la suite.<\/p>\n<p>Et enfin que les \u00e9l\u00e9ments du 291e Territorial avaient \u00e9t\u00e9 retir\u00e9s le 12 septembre sans \u00eatre remplac\u00e9s.<\/p>\n<p>Plus rien n&rsquo;est \u00e0 signaler entre le 15 d\u00e9cembre et le 1er janvier. A cette date le JMO ne rel\u00e8ve aucun tu\u00e9 depuis son arriv\u00e9e dans le secteur mais plusieurs hommes ont \u00e9t\u00e9 bless\u00e9s. A savoir : 1 s\/Lieutenant, 1 adjudant, 1 caporal et 12 hommes de troupe.<\/p>\n<p>Le r\u00e9giment occupera le secteur jusqu&rsquo;\u00e0 la rel\u00e8ve de la 151e Division le 16 f\u00e9vrier 1917.<\/p>\n<p><em>(1)\u00a0En vert les postes de secours, en rouge les PC de bataillons, en bleu le PC de combat du Colonel.<\/em><\/p>\n<p><em>(2) Sur la carte : au-dessus S de \u00ab\u00a0Sous-secteur de Cernay\u00a0\u00bb<\/em><\/p>\n<p>&nbsp;<\/p>\n","protected":false},"excerpt":{"rendered":"<p>Dans la nuit du 23 au 24 ao\u00fbt 1916, les 1er, 2e et 3e Bataillons du 403e vont relever dans le secteur de Reims des bataillons du 288e R.I. Le 1er Bt du 403e rel\u00e8ve l&rsquo;un d&rsquo;eux dans le sous-secteur &hellip; <a href=\"https:\/\/www.photoethistoire.eu\/14-18\/2012\/02\/secteur-de-reims\/\">Lire la suite <span class=\"meta-nav\">&rarr;<\/span><\/a><\/p>\n","protected":false},"author":1,"featured_media":0,"comment_status":"closed","ping_status":"open","sticky":false,"template":"","format":"standard","meta":{"footnotes":""},"categories":[36],"tags":[],"class_list":["post-218","post","type-post","status-publish","format-standard","hentry","category-marne16"],"_links":{"self":[{"href":"https:\/\/www.photoethistoire.eu\/14-18\/wp-json\/wp\/v2\/posts\/218","targetHints":{"allow":["GET"]}}],"collection":[{"href":"https:\/\/www.photoethistoire.eu\/14-18\/wp-json\/wp\/v2\/posts"}],"about":[{"href":"https:\/\/www.photoethistoire.eu\/14-18\/wp-json\/wp\/v2\/types\/post"}],"author":[{"embeddable":true,"href":"https:\/\/www.photoethistoire.eu\/14-18\/wp-json\/wp\/v2\/users\/1"}],"replies":[{"embeddable":true,"href":"https:\/\/www.photoethistoire.eu\/14-18\/wp-json\/wp\/v2\/comments?post=218"}],"version-history":[{"count":1,"href":"https:\/\/www.photoethistoire.eu\/14-18\/wp-json\/wp\/v2\/posts\/218\/revisions"}],"predecessor-version":[{"id":219,"href":"https:\/\/www.photoethistoire.eu\/14-18\/wp-json\/wp\/v2\/posts\/218\/revisions\/219"}],"wp:attachment":[{"href":"https:\/\/www.photoethistoire.eu\/14-18\/wp-json\/wp\/v2\/media?parent=218"}],"wp:term":[{"taxonomy":"category","embeddable":true,"href":"https:\/\/www.photoethistoire.eu\/14-18\/wp-json\/wp\/v2\/categories?post=218"},{"taxonomy":"post_tag","embeddable":true,"href":"https:\/\/www.photoethistoire.eu\/14-18\/wp-json\/wp\/v2\/tags?post=218"}],"curies":[{"name":"wp","href":"https:\/\/api.w.org\/{rel}","templated":true}]}}