{"id":220,"date":"2014-03-11T17:58:17","date_gmt":"2014-03-11T16:58:17","guid":{"rendered":"http:\/\/www.photoethistoire.eu\/14-18\/?p=220"},"modified":"2017-02-16T16:59:35","modified_gmt":"2017-02-16T15:59:35","slug":"la-releve-et-periode-dinstruction","status":"publish","type":"post","link":"https:\/\/www.photoethistoire.eu\/14-18\/2014\/03\/la-releve-et-periode-dinstruction\/","title":{"rendered":"La rel\u00e8ve et p\u00e9riode d&rsquo;instruction"},"content":{"rendered":"<p>Dans les tranch\u00e9es du secteur de Reims depuis le 23 ao\u00fbt 1916, le r\u00e9giment est relev\u00e9 le 16 f\u00e9vrier 1917. C&rsquo;est une brigade de la 37e Division, la 74e, qui rel\u00e8ve les 403e et 293e R.I tandis que le 410e est relev\u00e9 lui par le 60e RI (41e Division).<\/p>\n<p>Pour le 403e la rel\u00e8ve elle se termine le 17 f\u00e9vrier, la cie de mitrailleuses \u00e9tant la derni\u00e8re \u00e0 quitter le sous-secteur de Cernay.<\/p>\n<p>Le 20 f\u00e9vrier le r\u00e9giment rejoint la zone o\u00f9 il va maintenant passer une p\u00e9riode d&rsquo;instruction.<\/p>\n<p>Les cantonnements du r\u00e9giment s&rsquo;\u00e9tablissent comme suit :<\/p>\n<p>-L&rsquo;\u00e9tat-major et le 3e Bt : Pont-\u00e0-Binson<\/p>\n<p>-Le 1er Bt : Mareuil-le-Port<\/p>\n<p>-Le 2e Bt : Cerseuil<\/p>\n<p>La p\u00e9riode d&rsquo;instruction commence d\u00e8s le lendemain. Le r\u00e9giment installe ses cantonnements et va reconna\u00eetre le terrain d&rsquo;exercices.<\/p>\n<p>Revue de d\u00e9tails, puis marche de manoeuvre et enfin, le 25 f\u00e9vrier, repos.<\/p>\n<p>Le 26 f\u00e9vrier la 151e Division fait mouvement pour aller cantonner pr\u00e8s du camp de Romigny en vue de son utilisation. Instruction et manoeuvres se poursuivront pour les hommes du 403e jusqu&rsquo;au 9 mars.<\/p>\n","protected":false},"excerpt":{"rendered":"<p>Dans les tranch\u00e9es du secteur de Reims depuis le 23 ao\u00fbt 1916, le r\u00e9giment est relev\u00e9 le 16 f\u00e9vrier 1917. C&rsquo;est une brigade de la 37e Division, la 74e, qui rel\u00e8ve les 403e et 293e R.I tandis que le 410e &hellip; <a href=\"https:\/\/www.photoethistoire.eu\/14-18\/2014\/03\/la-releve-et-periode-dinstruction\/\">Lire la suite <span class=\"meta-nav\">&rarr;<\/span><\/a><\/p>\n","protected":false},"author":1,"featured_media":0,"comment_status":"closed","ping_status":"open","sticky":false,"template":"","format":"standard","meta":{"footnotes":""},"categories":[39],"tags":[],"class_list":["post-220","post","type-post","status-publish","format-standard","hentry","category-marne17"],"_links":{"self":[{"href":"https:\/\/www.photoethistoire.eu\/14-18\/wp-json\/wp\/v2\/posts\/220","targetHints":{"allow":["GET"]}}],"collection":[{"href":"https:\/\/www.photoethistoire.eu\/14-18\/wp-json\/wp\/v2\/posts"}],"about":[{"href":"https:\/\/www.photoethistoire.eu\/14-18\/wp-json\/wp\/v2\/types\/post"}],"author":[{"embeddable":true,"href":"https:\/\/www.photoethistoire.eu\/14-18\/wp-json\/wp\/v2\/users\/1"}],"replies":[{"embeddable":true,"href":"https:\/\/www.photoethistoire.eu\/14-18\/wp-json\/wp\/v2\/comments?post=220"}],"version-history":[{"count":1,"href":"https:\/\/www.photoethistoire.eu\/14-18\/wp-json\/wp\/v2\/posts\/220\/revisions"}],"predecessor-version":[{"id":221,"href":"https:\/\/www.photoethistoire.eu\/14-18\/wp-json\/wp\/v2\/posts\/220\/revisions\/221"}],"wp:attachment":[{"href":"https:\/\/www.photoethistoire.eu\/14-18\/wp-json\/wp\/v2\/media?parent=220"}],"wp:term":[{"taxonomy":"category","embeddable":true,"href":"https:\/\/www.photoethistoire.eu\/14-18\/wp-json\/wp\/v2\/categories?post=220"},{"taxonomy":"post_tag","embeddable":true,"href":"https:\/\/www.photoethistoire.eu\/14-18\/wp-json\/wp\/v2\/tags?post=220"}],"curies":[{"name":"wp","href":"https:\/\/api.w.org\/{rel}","templated":true}]}}