{"id":2233,"date":"2023-10-08T11:51:41","date_gmt":"2023-10-08T10:51:41","guid":{"rendered":"http:\/\/www.photoethistoire.eu\/14-18\/?p=2233"},"modified":"2023-10-08T11:51:41","modified_gmt":"2023-10-08T10:51:41","slug":"frederic-francois-roumilhac","status":"publish","type":"post","link":"https:\/\/www.photoethistoire.eu\/14-18\/2023\/10\/frederic-francois-roumilhac\/","title":{"rendered":"Fr\u00e9d\u00e9ric, Fran\u00e7ois ROUMILHAC"},"content":{"rendered":"\n<p class=\"has-text-align-left\">Ce caporal du 338e R.I. est n\u00e9 le 19 novembre 1886 \u00e0 Rancon (Haute-Vienne) o\u00f9 il a exerc\u00e9 le m\u00e9tier de Clerc de Notaire.  Tu\u00e9 le 28\/08\/1914 au combat de Rocquigny (Pas-de-Calais) \u00e0 l&rsquo;\u00e2ge de 27 ans.  D\u00e9clar\u00e9 disparu au combat par jugement rendu le 31\/01\/1920. Son nom est inscrit sur l&rsquo;ossuaire dans le carr\u00e9 militaire du Transloy. Une plaque comm\u00e9morative y a \u00e9t\u00e9 d\u00e9pos\u00e9e par ses parents. <\/p>\n\n\n\n<p class=\"has-text-align-center\"> <img loading=\"lazy\" decoding=\"async\" width=\"150\" height=\"197\" class=\"wp-image-2235\" style=\"width: 150px;\" src=\"https:\/\/www.photoethistoire.eu\/14-18\/wp-content\/uploads\/2023\/10\/Frederic-Roumilhac.jpg\" alt=\"\" srcset=\"https:\/\/www.photoethistoire.eu\/14-18\/wp-content\/uploads\/2023\/10\/Frederic-Roumilhac.jpg 670w, https:\/\/www.photoethistoire.eu\/14-18\/wp-content\/uploads\/2023\/10\/Frederic-Roumilhac-228x300.jpg 228w\" sizes=\"auto, (max-width: 150px) 100vw, 150px\" \/><\/p>\n","protected":false},"excerpt":{"rendered":"<p>Ce caporal du 338e R.I. est n\u00e9 le 19 novembre 1886 \u00e0 Rancon (Haute-Vienne) o\u00f9 il a exerc\u00e9 le m\u00e9tier de Clerc de Notaire. Tu\u00e9 le 28\/08\/1914 au combat de Rocquigny (Pas-de-Calais) \u00e0 l&rsquo;\u00e2ge de 27 ans. D\u00e9clar\u00e9 disparu au &hellip; <a href=\"https:\/\/www.photoethistoire.eu\/14-18\/2023\/10\/frederic-francois-roumilhac\/\">Lire la suite <span class=\"meta-nav\">&rarr;<\/span><\/a><\/p>\n","protected":false},"author":1,"featured_media":0,"comment_status":"closed","ping_status":"open","sticky":false,"template":"","format":"standard","meta":{"footnotes":""},"categories":[1,57],"tags":[],"class_list":["post-2233","post","type-post","status-publish","format-standard","hentry","category-chemins","category-transloy"],"_links":{"self":[{"href":"https:\/\/www.photoethistoire.eu\/14-18\/wp-json\/wp\/v2\/posts\/2233","targetHints":{"allow":["GET"]}}],"collection":[{"href":"https:\/\/www.photoethistoire.eu\/14-18\/wp-json\/wp\/v2\/posts"}],"about":[{"href":"https:\/\/www.photoethistoire.eu\/14-18\/wp-json\/wp\/v2\/types\/post"}],"author":[{"embeddable":true,"href":"https:\/\/www.photoethistoire.eu\/14-18\/wp-json\/wp\/v2\/users\/1"}],"replies":[{"embeddable":true,"href":"https:\/\/www.photoethistoire.eu\/14-18\/wp-json\/wp\/v2\/comments?post=2233"}],"version-history":[{"count":4,"href":"https:\/\/www.photoethistoire.eu\/14-18\/wp-json\/wp\/v2\/posts\/2233\/revisions"}],"predecessor-version":[{"id":2239,"href":"https:\/\/www.photoethistoire.eu\/14-18\/wp-json\/wp\/v2\/posts\/2233\/revisions\/2239"}],"wp:attachment":[{"href":"https:\/\/www.photoethistoire.eu\/14-18\/wp-json\/wp\/v2\/media?parent=2233"}],"wp:term":[{"taxonomy":"category","embeddable":true,"href":"https:\/\/www.photoethistoire.eu\/14-18\/wp-json\/wp\/v2\/categories?post=2233"},{"taxonomy":"post_tag","embeddable":true,"href":"https:\/\/www.photoethistoire.eu\/14-18\/wp-json\/wp\/v2\/tags?post=2233"}],"curies":[{"name":"wp","href":"https:\/\/api.w.org\/{rel}","templated":true}]}}