{"id":2311,"date":"2011-01-31T14:40:00","date_gmt":"2011-01-31T13:40:00","guid":{"rendered":"http:\/\/www.photoethistoire.eu\/14-18\/?p=2311"},"modified":"2025-07-24T11:26:39","modified_gmt":"2025-07-24T10:26:39","slug":"1ere-marche-du-souvenir","status":"publish","type":"post","link":"https:\/\/www.photoethistoire.eu\/14-18\/2011\/01\/1ere-marche-du-souvenir\/","title":{"rendered":"1\u00e8re marche du souvenir"},"content":{"rendered":"\n<p>C\u2019est le 4 juillet 2010 que nous avons inaugur\u00e9 notre premier grand circuit de m\u00e9moire dont le parcours a \u00e9t\u00e9 con\u00e7u par notre pr\u00e9sident.&nbsp; Une marche de 26 km sur une journ\u00e9e pour mettre en lumi\u00e8re le sacrifice des soldats fran\u00e7ais qui se sont battus dans la Somme en 1914 et 1915 et dont l\u2019histoire est trop souvent oubli\u00e9e.<\/p>\n\n\n\n<p>Cette marche avait lieu dans le cadre des marches du Pays du Coquelicot et une vingtaine de personnes avaient r\u00e9pondu \u00e0 l\u2019appel. C&rsquo;\u00e9tait une premi\u00e8re dans la r\u00e9gion et c&rsquo;est \u00e0 la suite des avis positifs qui nous ont \u00e9t\u00e9 rapport\u00e9s qu&rsquo;\u00e0 \u00e9t\u00e9 cr\u00e9\u00e9e notre association. <\/p>\n\n\n\n<figure class=\"wp-block-image\"><img loading=\"lazy\" decoding=\"async\" width=\"500\" height=\"355\" src=\"https:\/\/www.photoethistoire.eu\/14-18\/wp-content\/uploads\/2025\/07\/marcheparcour.jpg\" alt=\"\" class=\"wp-image-2302\" srcset=\"https:\/\/www.photoethistoire.eu\/14-18\/wp-content\/uploads\/2025\/07\/marcheparcour.jpg 500w, https:\/\/www.photoethistoire.eu\/14-18\/wp-content\/uploads\/2025\/07\/marcheparcour-300x213.jpg 300w, https:\/\/www.photoethistoire.eu\/14-18\/wp-content\/uploads\/2025\/07\/marcheparcour-423x300.jpg 423w\" sizes=\"auto, (max-width: 500px) 100vw, 500px\" \/><\/figure>\n","protected":false},"excerpt":{"rendered":"<p>C\u2019est le 4 juillet 2010 que nous avons inaugur\u00e9 notre premier grand circuit de m\u00e9moire dont le parcours a \u00e9t\u00e9 con\u00e7u par notre pr\u00e9sident.&nbsp; Une marche de 26 km sur une journ\u00e9e pour mettre en lumi\u00e8re le sacrifice des soldats &hellip; <a href=\"https:\/\/www.photoethistoire.eu\/14-18\/2011\/01\/1ere-marche-du-souvenir\/\">Lire la suite <span class=\"meta-nav\">&rarr;<\/span><\/a><\/p>\n","protected":false},"author":1,"featured_media":0,"comment_status":"closed","ping_status":"open","sticky":false,"template":"","format":"standard","meta":{"footnotes":""},"categories":[59,60],"tags":[],"class_list":["post-2311","post","type-post","status-publish","format-standard","hentry","category-association-mcp1418","category-circuits"],"_links":{"self":[{"href":"https:\/\/www.photoethistoire.eu\/14-18\/wp-json\/wp\/v2\/posts\/2311","targetHints":{"allow":["GET"]}}],"collection":[{"href":"https:\/\/www.photoethistoire.eu\/14-18\/wp-json\/wp\/v2\/posts"}],"about":[{"href":"https:\/\/www.photoethistoire.eu\/14-18\/wp-json\/wp\/v2\/types\/post"}],"author":[{"embeddable":true,"href":"https:\/\/www.photoethistoire.eu\/14-18\/wp-json\/wp\/v2\/users\/1"}],"replies":[{"embeddable":true,"href":"https:\/\/www.photoethistoire.eu\/14-18\/wp-json\/wp\/v2\/comments?post=2311"}],"version-history":[{"count":2,"href":"https:\/\/www.photoethistoire.eu\/14-18\/wp-json\/wp\/v2\/posts\/2311\/revisions"}],"predecessor-version":[{"id":2336,"href":"https:\/\/www.photoethistoire.eu\/14-18\/wp-json\/wp\/v2\/posts\/2311\/revisions\/2336"}],"wp:attachment":[{"href":"https:\/\/www.photoethistoire.eu\/14-18\/wp-json\/wp\/v2\/media?parent=2311"}],"wp:term":[{"taxonomy":"category","embeddable":true,"href":"https:\/\/www.photoethistoire.eu\/14-18\/wp-json\/wp\/v2\/categories?post=2311"},{"taxonomy":"post_tag","embeddable":true,"href":"https:\/\/www.photoethistoire.eu\/14-18\/wp-json\/wp\/v2\/tags?post=2311"}],"curies":[{"name":"wp","href":"https:\/\/api.w.org\/{rel}","templated":true}]}}