{"id":2323,"date":"2011-10-09T14:42:00","date_gmt":"2011-10-09T13:42:00","guid":{"rendered":"https:\/\/www.photoethistoire.eu\/14-18\/?p=2323"},"modified":"2025-07-24T11:27:28","modified_gmt":"2025-07-24T10:27:28","slug":"circuit-des-bretons-et-tambour-duclos","status":"publish","type":"post","link":"https:\/\/www.photoethistoire.eu\/14-18\/2011\/10\/circuit-des-bretons-et-tambour-duclos\/","title":{"rendered":"Circuit des Bretons et tambour Duclos"},"content":{"rendered":"\n<p><em>Voici un des parcours, aujourd&rsquo;hui inscrits au nombre de ceux propos\u00e9s par l&rsquo;Office du Tourisme du Pays du Coquelicot. Ils ont \u00e9t\u00e9 \u00e9tablis avec le concours de nos membres fondateurs et cr\u00e9\u00e9s par notre pr\u00e9sident Andr\u00e9  Belle. Ce dernier, grand marcheur devant l&rsquo;Eternel, ne m&rsquo;en voudra pas si j&rsquo;insiste sur le fait qu&rsquo;il a \u00e9t\u00e9, dans le Pays du Coquelicot, un pionnier dans la conception de circuits d\u00e9di\u00e9s \u00e0 la m\u00e9moire des soldtas fran\u00e7ais ayant combattu sur le Saillant de Fricourt et, notamment, \u00e0 celle des Bretons. <\/em><\/p>\n\n\n\n<p><em>Les d\u00e9tails de ce circuits sont mis \u00e0 votre disposition par l&rsquo;Office du Tourisme, aussi je me contenterai de montrer ici la carte du parcours \u00e9tablie par nos soins et des grands points d&rsquo;int\u00e9r\u00eats du circuit. Le d\u00e9part de ce dernier se situe place du village \u00e0 Fricourt, face au monument aux morts. <\/em><\/p>\n\n\n<div class=\"wp-block-image\">\n<figure class=\"aligncenter size-full\"><img loading=\"lazy\" decoding=\"async\" width=\"462\" height=\"650\" src=\"https:\/\/www.photoethistoire.eu\/14-18\/wp-content\/uploads\/2025\/07\/Circuit-des-Bretons-copy-2.jpg\" alt=\"\" class=\"wp-image-2324\" srcset=\"https:\/\/www.photoethistoire.eu\/14-18\/wp-content\/uploads\/2025\/07\/Circuit-des-Bretons-copy-2.jpg 462w, https:\/\/www.photoethistoire.eu\/14-18\/wp-content\/uploads\/2025\/07\/Circuit-des-Bretons-copy-2-213x300.jpg 213w\" sizes=\"auto, (max-width: 462px) 100vw, 462px\" \/><\/figure><\/div>\n\n\n<p><strong>1) <em><u>La N\u00e9cropole allemande<\/u><\/em> <em><u>de Fricourt<\/u> :<\/em><\/strong><\/p>\n\n\n\n<p>\u00c9difi\u00e9e par les autorit\u00e9s militaires fran\u00e7aises en 1920. Elle compte parmi les plus grandes de la Somme. 17027 soldats y reposent, dont plusieurs soldats de confession juive. 11970 soldats sont inhum\u00e9s dans les ossuaires parmi lesquels 5331 n\u2019ont pu \u00eatre identifi\u00e9s. 5057 (dont 114 inconnus) reposent sous les croix m\u00e9talliques. Les d\u00e9pouilles proviennent de diff\u00e9rents lieux notamment des environs d\u2019Albert, Bapaume, Villers-Bretonneux, Combles\u2026Le corps de Manfred von Richtofen, alias \u00ab\u00a0le Baron Rouge\u00a0\u00bb, y reposa un temps avant d\u2019\u00eatre transf\u00e9r\u00e9 \u00e0 Berlin en 1925. <\/p>\n\n\n\n<p><em>(Source : \u00a0 <a href=\"http:\/\/www.volksbund.de\/graebersuche\/\" target=\"_blank\" rel=\"noreferrer noopener\">Gr\u00e4bernachweis des Volksbundes Deutche Kriegsgr\u00e4berf\u00fcrsorge e.V.<\/a><\/em> )<\/p>\n\n\n\n<p><em><strong>2)<\/strong> <strong><u>L\u2019\u00eelot de La Boisselle<\/u><\/strong> :<\/em><\/p>\n\n\n\n<p>Lieu o\u00f9 s\u2019est particuli\u00e8rement illustr\u00e9 le <a href=\"http:\/\/19emeri.canalblog.com\/\" target=\"_blank\" rel=\"noreferrer noopener\">19e R\u00e9giment d\u2019Infanterie<\/a>, sans oublier la 11\/3 du 6e R\u00e9giment de G\u00e9nie.&nbsp; En ao\u00fbt 1915 le secteur fut repris pas les troupes britanniques (notamment le Tyneside Scottish) et nos amis britanniques le connaissent eux sous le nom de \u00ab&nbsp;Glory Hole&nbsp;\u00bb.<\/p>\n\n\n\n<p><em><strong>3)<\/strong><\/em><strong> <em><u>Le Lochnagar Crater<\/u><\/em><\/strong> dont on doit la conservation \u00e0 un sujet britannique, Monsieur Richard Dunning. Le Lochnagar est le seul vestige du genre a \u00eatre ouvert au public.<\/p>\n\n\n\n<p>Le 1er juillet \u00e0 7h28, \u00e0 cet endroit, furent mises \u00e0 feu plus de 20 tonnes d\u2019explosifs. A la m\u00eame heure,dans le but de briser les 1ere lignes allemandes, d\u2019autres explosions du m\u00eame genre r\u00e9sonn\u00e8rent dans la campagne environnante y creusant, elles aussi, de profonds crat\u00e8res. A 7h30, au coup de sifflet, les troupes britanniques sortent des tranch\u00e9es et montent \u00e0 l\u2019assaut. Au soir de ce premier jour de la bataille de la Somme ils laisseront pr\u00e8s 20.000 morts sur le terrain. En quelques 5 mois de combats, troupes britanniques, fran\u00e7aises et allemandes confondues, on d\u00e9nombrera un peu plus de 1.000.000 de victimes (bless\u00e9s, morts ou disparus).<\/p>\n\n\n\n<p><strong>4) <em><u>L\u2018arbre en boule<\/u> :<\/em><\/strong><\/p>\n\n\n\n<p>Il marque, sur ce secteur du front, l\u2019endroit o\u00f9 se trouvaient les premi\u00e8res tranch\u00e9es fran\u00e7aises en 14-15 (\u00e9galement reprises en ao\u00fbt 1915 par les Britanniques)<\/p>\n\n\n\n<p><strong><em>5) <\/em><u>Le calvaire de B\u00e9court<\/u><\/strong> <strong>:<\/strong><\/p>\n\n\n\n<p>Selon le plan de cadastre napol\u00e9onien de 1828, il se trouvait initialement au bord de la route au carrefour du chemin de M\u00e9aulte \u00e0 Fricourt et du chemin de Bray.\u00a0 En page 168 de son livre \u00a0\u00bb Froc et \u00e9p\u00e9e\u00a0\u00bb , et dont j\u2019ai la chance de poss\u00e9der un exemplaire, le r\u00e9v\u00e9rend P\u00e8re Joseph Raymond (moine-officier au 293e R.I.) d\u00e9crit ce calvaire comme \u00e9tant le <em>\u00ab\u00a0rendez-vous des p\u00e8lerins de la corv\u00e9e\u00a0\u00bb<\/em>. C\u2019\u00e9tait en effet l\u2019endroit o\u00f9 le g\u00e9nie entassait les mat\u00e9riaux servant \u00e0 l\u2019\u00e9dification, la r\u00e9fection ou la protection des tranch\u00e9es (chevaux de frise, fils barbel\u00e9s et autres rondins) et qu\u2019il fallait monter aux tranch\u00e9es de premi\u00e8re ligne.\u00a0 Il faut savoir qu\u2019une distance de 2 km reliait le calvaire \u00e0 ces tranch\u00e9es. Distance que les hommes parcouraient sur un sol d\u00e9crit par le r\u00e9v\u00e9rend comme d\u00e9fonc\u00e9 et rendu glissant par une pluie alors incessante. Au calvaire, les hommes de corv\u00e9e se croisaient toute la nuit.<\/p>\n\n\n\n<p>Depuis il a \u00e9t\u00e9 reconstruit un peu plus loin par la famille du Lieutenant de Vaucourt auquel&nbsp; il est d\u00e9di\u00e9.<\/p>\n\n\n\n<p><strong><em>6) <u>Le ch\u00e2teau de B\u00e9court<\/u><\/em><\/strong> <\/p>\n\n\n\n<p>L\u00e0 o\u00f9 s\u2019est notamment illustr\u00e9 le 26e R\u00e9giment d\u2019Infanterie. <\/p>\n\n\n\n<p><em>Attenante au ch\u00e2teau,\u00a0 la chapelle dans laquelle repose le corps du Lieutenant de Vaucourt, dont il est question ci-dessus.<\/em><\/p>\n\n\n\n<p><br><strong>7) <em><u>Le tambour Duclos <\/u>:<\/em><\/strong> Ce \u00ab\u00a0lieu-dit\u00a0\u00bb \u00e9tait une tranch\u00e9e fran\u00e7aise renforc\u00e9e qui faisait face \u00e0 la premi\u00e8re ligne allemande tr\u00e8s proche.\u00a0 De l\u00e0 partaient plusieurs galeries menant sous cette ligne. Lors de l\u2019offensive de 1916, les Britanniques y firent exploser des mines dont les traces sont toujours visibles aujourd\u2019hui mais on ne peut y acc\u00e9der car il s\u2019agit d\u2019une propri\u00e9t\u00e9 priv\u00e9e.<\/p>\n","protected":false},"excerpt":{"rendered":"<p>Voici un des parcours, aujourd&rsquo;hui inscrits au nombre de ceux propos\u00e9s par l&rsquo;Office du Tourisme du Pays du Coquelicot. Ils ont \u00e9t\u00e9 \u00e9tablis avec le concours de nos membres fondateurs et cr\u00e9\u00e9s par notre pr\u00e9sident Andr\u00e9 Belle. Ce dernier, grand &hellip; <a href=\"https:\/\/www.photoethistoire.eu\/14-18\/2011\/10\/circuit-des-bretons-et-tambour-duclos\/\">Lire la suite <span class=\"meta-nav\">&rarr;<\/span><\/a><\/p>\n","protected":false},"author":1,"featured_media":0,"comment_status":"closed","ping_status":"open","sticky":false,"template":"","format":"standard","meta":{"footnotes":""},"categories":[59,60],"tags":[],"class_list":["post-2323","post","type-post","status-publish","format-standard","hentry","category-association-mcp1418","category-circuits"],"_links":{"self":[{"href":"https:\/\/www.photoethistoire.eu\/14-18\/wp-json\/wp\/v2\/posts\/2323","targetHints":{"allow":["GET"]}}],"collection":[{"href":"https:\/\/www.photoethistoire.eu\/14-18\/wp-json\/wp\/v2\/posts"}],"about":[{"href":"https:\/\/www.photoethistoire.eu\/14-18\/wp-json\/wp\/v2\/types\/post"}],"author":[{"embeddable":true,"href":"https:\/\/www.photoethistoire.eu\/14-18\/wp-json\/wp\/v2\/users\/1"}],"replies":[{"embeddable":true,"href":"https:\/\/www.photoethistoire.eu\/14-18\/wp-json\/wp\/v2\/comments?post=2323"}],"version-history":[{"count":1,"href":"https:\/\/www.photoethistoire.eu\/14-18\/wp-json\/wp\/v2\/posts\/2323\/revisions"}],"predecessor-version":[{"id":2325,"href":"https:\/\/www.photoethistoire.eu\/14-18\/wp-json\/wp\/v2\/posts\/2323\/revisions\/2325"}],"wp:attachment":[{"href":"https:\/\/www.photoethistoire.eu\/14-18\/wp-json\/wp\/v2\/media?parent=2323"}],"wp:term":[{"taxonomy":"category","embeddable":true,"href":"https:\/\/www.photoethistoire.eu\/14-18\/wp-json\/wp\/v2\/categories?post=2323"},{"taxonomy":"post_tag","embeddable":true,"href":"https:\/\/www.photoethistoire.eu\/14-18\/wp-json\/wp\/v2\/tags?post=2323"}],"curies":[{"name":"wp","href":"https:\/\/api.w.org\/{rel}","templated":true}]}}