{"id":2344,"date":"2012-08-29T19:48:00","date_gmt":"2012-08-29T18:48:00","guid":{"rendered":"https:\/\/www.photoethistoire.eu\/14-18\/?p=2344"},"modified":"2025-07-24T11:58:15","modified_gmt":"2025-07-24T10:58:15","slug":"gustave-fumery-132e-r-i","status":"publish","type":"post","link":"https:\/\/www.photoethistoire.eu\/14-18\/2012\/08\/gustave-fumery-132e-r-i\/","title":{"rendered":"Gustave FUMERY- 132e R.I"},"content":{"rendered":"\n<p><em>A l&rsquo;or\u00e9e d&rsquo;un bois sur une petite route entre Bouchavesnes et Cl\u00e9ry-sur-Somme, une croix a \u00e9t\u00e9 \u00e9rig\u00e9e \u00e0 la m\u00e9moire de Gustave Fumery soldat au 132e R.I.  Sur le socle on peut lire qu&rsquo;il a \u00e9t\u00e9 tu\u00e9 \u00e0 cet endroit le 4 octobre 1916 \u00e0 l&rsquo;\u00e2ge de 20 ans. Mais dans quelles circonstances ? <\/em><\/p>\n\n\n\n<p><em>Le JMO de son r\u00e9giment n&rsquo;est malheureusement pas tr\u00e8s explicite \u00e0 ce sujet. On sait seulement que dans la journ\u00e9e, peut-\u00eatre apr\u00e8s 12h, une patrouille ennemie s&rsquo;est pr\u00e9sent\u00e9e devant la compagnie \u00ab\u00a0Pochart\u00a0\u00bb et qu&rsquo;elle a \u00e9t\u00e9 dispers\u00e9e \u00e0 coups de fusils. <\/em><\/p>\n\n\n\n<p><em>Notre soldat a-t-il \u00e9t\u00e9 tu\u00e9 au cours de cet affrontement ou plus tard dans la journ\u00e9e lors des duels d&rsquo;artillerie qui ont suivi ? <\/em><\/p>\n\n\n\n<p><em>En effet, durant la journ\u00e9e, l&rsquo;artillerie fran\u00e7aise a \u00e9galement donn\u00e9 de la voix en vue d&rsquo;un tir de destruction sur la route n\u00b037 et au-del\u00e0. Cette activit\u00e9 est d\u00e9crite comme \u00ab\u00a0moyenne\u00a0\u00bb juqu&rsquo;\u00e0 15h mais tr\u00e8s active de 15h \u00e0 21h. A ce moment l&rsquo;activit\u00e9 de l&rsquo;artillerie fran\u00e7aise \u00e9tait telle qu&rsquo;elle a donn\u00e9 lieu \u00e0 de vrais duels avec l&rsquo;artillerie allemande. <\/em><\/p>\n\n\n\n<p><em>La fiche de d\u00e9c\u00e8s du soldat Fumery nous apprend qu&rsquo;il est n\u00e9 le 31 mai 1896 \u00e0 Avic-sur-la-Lys dans le d\u00e9partement du Pas-de-Calais et y demeurait toujours au moment de son incorporation. <\/em><\/p>\n\n\n\n<p><em>Enfin cette croix est \u00e9galement d\u00e9di\u00e9e \u00e0 la m\u00e9moire de 150 de ses camarades tu\u00e9s et inhum\u00e9s le m\u00eame jour. Cependant nous ignorons \u00e0 quels r\u00e9giments ils appartenait car pour la journ\u00e9e le JMO du 132e R.I rel\u00e8ve 10 tu\u00e9s et 41 bless\u00e9s. <\/em><\/p>\n\n\n<div class=\"wp-block-image\">\n<figure class=\"aligncenter size-full\"><img loading=\"lazy\" decoding=\"async\" width=\"400\" height=\"600\" src=\"https:\/\/www.photoethistoire.eu\/14-18\/wp-content\/uploads\/2025\/07\/monugustave-fumery-copie.jpg\" alt=\"\" class=\"wp-image-2345\" srcset=\"https:\/\/www.photoethistoire.eu\/14-18\/wp-content\/uploads\/2025\/07\/monugustave-fumery-copie.jpg 400w, https:\/\/www.photoethistoire.eu\/14-18\/wp-content\/uploads\/2025\/07\/monugustave-fumery-copie-200x300.jpg 200w\" sizes=\"auto, (max-width: 400px) 100vw, 400px\" \/><\/figure><\/div>","protected":false},"excerpt":{"rendered":"<p>A l&rsquo;or\u00e9e d&rsquo;un bois sur une petite route entre Bouchavesnes et Cl\u00e9ry-sur-Somme, une croix a \u00e9t\u00e9 \u00e9rig\u00e9e \u00e0 la m\u00e9moire de Gustave Fumery soldat au 132e R.I. Sur le socle on peut lire qu&rsquo;il a \u00e9t\u00e9 tu\u00e9 \u00e0 cet endroit &hellip; <a href=\"https:\/\/www.photoethistoire.eu\/14-18\/2012\/08\/gustave-fumery-132e-r-i\/\">Lire la suite <span class=\"meta-nav\">&rarr;<\/span><\/a><\/p>\n","protected":false},"author":1,"featured_media":0,"comment_status":"closed","ping_status":"open","sticky":false,"template":"","format":"standard","meta":{"footnotes":""},"categories":[63],"tags":[],"class_list":["post-2344","post","type-post","status-publish","format-standard","hentry","category-histoirehommes"],"_links":{"self":[{"href":"https:\/\/www.photoethistoire.eu\/14-18\/wp-json\/wp\/v2\/posts\/2344","targetHints":{"allow":["GET"]}}],"collection":[{"href":"https:\/\/www.photoethistoire.eu\/14-18\/wp-json\/wp\/v2\/posts"}],"about":[{"href":"https:\/\/www.photoethistoire.eu\/14-18\/wp-json\/wp\/v2\/types\/post"}],"author":[{"embeddable":true,"href":"https:\/\/www.photoethistoire.eu\/14-18\/wp-json\/wp\/v2\/users\/1"}],"replies":[{"embeddable":true,"href":"https:\/\/www.photoethistoire.eu\/14-18\/wp-json\/wp\/v2\/comments?post=2344"}],"version-history":[{"count":1,"href":"https:\/\/www.photoethistoire.eu\/14-18\/wp-json\/wp\/v2\/posts\/2344\/revisions"}],"predecessor-version":[{"id":2346,"href":"https:\/\/www.photoethistoire.eu\/14-18\/wp-json\/wp\/v2\/posts\/2344\/revisions\/2346"}],"wp:attachment":[{"href":"https:\/\/www.photoethistoire.eu\/14-18\/wp-json\/wp\/v2\/media?parent=2344"}],"wp:term":[{"taxonomy":"category","embeddable":true,"href":"https:\/\/www.photoethistoire.eu\/14-18\/wp-json\/wp\/v2\/categories?post=2344"},{"taxonomy":"post_tag","embeddable":true,"href":"https:\/\/www.photoethistoire.eu\/14-18\/wp-json\/wp\/v2\/tags?post=2344"}],"curies":[{"name":"wp","href":"https:\/\/api.w.org\/{rel}","templated":true}]}}