{"id":2354,"date":"2012-10-15T19:46:00","date_gmt":"2012-10-15T18:46:00","guid":{"rendered":"https:\/\/www.photoethistoire.eu\/14-18\/?p=2354"},"modified":"2025-10-30T16:53:48","modified_gmt":"2025-10-30T15:53:48","slug":"felix-colin-26e-r-i","status":"publish","type":"post","link":"https:\/\/www.photoethistoire.eu\/14-18\/2012\/10\/felix-colin-26e-r-i\/","title":{"rendered":"F\u00e9lix COLIN &#8211; 26e R.I"},"content":{"rendered":"\n<p><em>Emouvante d\u00e9couverte au dos de l&rsquo;avis de d\u00e9c\u00e8s de ce soldat tu\u00e9 dans notre secteur de Fricourt. En effet, on peut y lire un extrait de la lettre \u00e9crite \u00e0 ses proches deux jours avant d&rsquo;\u00eatre tu\u00e9.<\/em>\u00a0:<\/p>\n\n\n\n<p> \u00ab&nbsp;\u2026.Je me demande comment j\u2019ai pu sortir du gu\u00eapier o\u00f9 nous \u00e9tions fourr\u00e9s, c\u2019est que Dieu n\u2019a pas jug\u00e9 \u00e0 propos de me rappeler \u00e0 lui, esp\u00e9rons-le jusqu\u2019au bout et que, du haut du Ciel, notre cher Papa veillera sur nous tous. &nbsp;Prions beaucoup Notre-Dame de Bonsecours, ayons confiance en Dieu, et remettons-nous entre ses mains, lui seul peut nous garder, et s\u2019il nous s\u00e9pare ici-bas, il nous r\u00e9unira l\u00e0-haut, loin des maux de cette mis\u00e9rable vie, car je suis pr\u00eat \u00e0 para\u00eetre devant Dieu et vous penserez que votre grand est mort en d\u00e9fendant sa Patrie. A la gr\u00e2ce de Dieu, et si je meurs ma derni\u00e8re pens\u00e9e sera pour vous. Mais au revoir, esp\u00e9rons quand m\u00eame.&nbsp;\u00bb<\/p>\n\n\n\n<p><em>F\u00e9lix Colin est n\u00e9 \u00e0 Bl\u00e2mont (Meurthe et Moselle) le 28 janvier 1893. Le 25 septembre 1914 il se trouve dans la Somme avec son r\u00e9giment. L&rsquo;historique du r\u00e9giment nous \u00e9claire sur les circonstances du d\u00e9c\u00e8s de ce soldat. Nous y apprenons \u00e9galement que le 26e R.I. a subi d&rsquo;importantes pertes durant les combats des 25 et 26 d\u00e9cembre du c\u00f4t\u00e9 du bois Olimpe (au sud de Cappy<\/em>), <em>de Dompierre et d&rsquo;Herb\u00e9court. Pour les compenser, le 27 septembre un renfort de r\u00e9serviste arrivera en pleine bataille \u00e0 Cappy et \u00e0 Eclusier<\/em>. <em>Est-ce \u00e0 ces combats meurtriers que F\u00e9lix Colin fait r\u00e9f\u00e9rence quand il parle du gu\u00eapier dans lequel ils se sont retrouv\u00e9s  ? <\/em><\/p>\n\n\n\n<p><em>Ce m\u00eame 27 septembre la bataille est f\u00e9roce du c\u00f4t\u00e9 des 14e et 43e Coloniaux (Curlu, Maricourt) et dans la soir\u00e9e le 26e R.I. re\u00e7oit l&rsquo;ordre de repasser au nord de la Somme o\u00f9 il est plac\u00e9 en r\u00e9serve dans la r\u00e9gion d&rsquo;Etinehem et dans celle de B\u00e9cordel. <\/em><\/p>\n\n\n\n<p><em>Dans l&rsquo;apr\u00e8s-midi du 29, il est mis \u00e0 la disposition de la 11e Division et se porte \u00e0 l&rsquo;attaque de Fricourt. Mais le villages, qui est puissamment d\u00e9fendu par les Allemands, ne peut \u00eatre approch\u00e9 qu&rsquo;\u00e0 la nuit tombante. Et c&rsquo;est \u00e0 la lueur des incendies que le r\u00e9giment s&#8217;emparera de la partie sud du village. L&rsquo;historique parle d&rsquo;une r\u00e9gion en proie aux flammes. Albert, Fricourt et Mametz sont en feu ! <\/em><\/p>\n\n\n\n<p><em>Pour conqu\u00e9rir Fricourt, certaines compagnies m\u00e8nent des charges \u00e0 la ba\u00efonnette (la 3e du Lt Balicourt, la 6e du Lt Mettevant et la 7e du Lt Baillant). Attaquant par l&rsquo;Est, elles parviennent \u00e0 la lisi\u00e8re Nord du village jusque dans les vergers. Cependant, les Allemands ayant re\u00e7u des renforts, contre-attaquent. La lutte pour la possession du village se poursuivra toute la nuit \u00e0 coups d&rsquo;attaques et de contre-attaques. Ce combat a lieu dans un village dont les soldats fran\u00e7ais ne connaissent pas le plan et qui, de plus, n&rsquo;a pu \u00eatre approch\u00e9 que de nuit. La lutte est confuse dans Fricourt et en d\u00e9pit d&rsquo;une belle r\u00e9sistance, ceux qui \u00e9taient parvunus \u00e0 sa lisi\u00e8re Nord doivent se replier. Les pertes sont lourdes<\/em>. <em>Mais le 26e s&rsquo;installe solidement au Sud du village. <\/em><\/p>\n\n\n\n<p><em>Au matin du 30 septembre, fusillades et canonnades reprennent de plus belle. La lutte est \u00e2pre dans Fricourt o\u00f9 l&rsquo;on se bat de maisons en maisons. A l&rsquo;Ouest comme \u00e0 l&rsquo;Est, on lutte pour l&rsquo;investissement du village auquel les Allemands se maintiendront jusqu&rsquo;au 2 juillet 1916. Cependant le Sud du village restera au mains des Fran\u00e7ais jusqu&rsquo;\u00e0 leur rel\u00e8ve, en ao\u00fbt 1915, par les troupes britanniques. <\/em><\/p>\n\n\n\n<p><em>C&rsquo;est donc au cours de ces combat acharn\u00e9s du 30 septembre que le soldat F\u00e9lix Colin sera tu\u00e9. Son d\u00e9c\u00e8s ayant fait l&rsquo;objet d&rsquo;un jugement d\u00e9claratif, il semblerait que son corps n&rsquo;ait pas \u00e9t\u00e9 retrouv\u00e9.<\/em><\/p>\n\n\n<div class=\"wp-block-image\">\n<figure class=\"aligncenter size-full\"><img loading=\"lazy\" decoding=\"async\" width=\"395\" height=\"500\" src=\"https:\/\/www.photoethistoire.eu\/14-18\/wp-content\/uploads\/2025\/07\/Felix-Colin-copy.jpg\" alt=\"\" class=\"wp-image-2355\" srcset=\"https:\/\/www.photoethistoire.eu\/14-18\/wp-content\/uploads\/2025\/07\/Felix-Colin-copy.jpg 395w, https:\/\/www.photoethistoire.eu\/14-18\/wp-content\/uploads\/2025\/07\/Felix-Colin-copy-237x300.jpg 237w\" sizes=\"auto, (max-width: 395px) 100vw, 395px\" \/><\/figure><\/div>","protected":false},"excerpt":{"rendered":"<p>Emouvante d\u00e9couverte au dos de l&rsquo;avis de d\u00e9c\u00e8s de ce soldat tu\u00e9 dans notre secteur de Fricourt. En effet, on peut y lire un extrait de la lettre \u00e9crite \u00e0 ses proches deux jours avant d&rsquo;\u00eatre tu\u00e9.\u00a0: \u00ab&nbsp;\u2026.Je me demande &hellip; <a href=\"https:\/\/www.photoethistoire.eu\/14-18\/2012\/10\/felix-colin-26e-r-i\/\">Lire la suite <span class=\"meta-nav\">&rarr;<\/span><\/a><\/p>\n","protected":false},"author":1,"featured_media":0,"comment_status":"closed","ping_status":"open","sticky":false,"template":"","format":"standard","meta":{"footnotes":""},"categories":[59,63],"tags":[],"class_list":["post-2354","post","type-post","status-publish","format-standard","hentry","category-association-mcp1418","category-histoirehommes"],"_links":{"self":[{"href":"https:\/\/www.photoethistoire.eu\/14-18\/wp-json\/wp\/v2\/posts\/2354","targetHints":{"allow":["GET"]}}],"collection":[{"href":"https:\/\/www.photoethistoire.eu\/14-18\/wp-json\/wp\/v2\/posts"}],"about":[{"href":"https:\/\/www.photoethistoire.eu\/14-18\/wp-json\/wp\/v2\/types\/post"}],"author":[{"embeddable":true,"href":"https:\/\/www.photoethistoire.eu\/14-18\/wp-json\/wp\/v2\/users\/1"}],"replies":[{"embeddable":true,"href":"https:\/\/www.photoethistoire.eu\/14-18\/wp-json\/wp\/v2\/comments?post=2354"}],"version-history":[{"count":4,"href":"https:\/\/www.photoethistoire.eu\/14-18\/wp-json\/wp\/v2\/posts\/2354\/revisions"}],"predecessor-version":[{"id":2529,"href":"https:\/\/www.photoethistoire.eu\/14-18\/wp-json\/wp\/v2\/posts\/2354\/revisions\/2529"}],"wp:attachment":[{"href":"https:\/\/www.photoethistoire.eu\/14-18\/wp-json\/wp\/v2\/media?parent=2354"}],"wp:term":[{"taxonomy":"category","embeddable":true,"href":"https:\/\/www.photoethistoire.eu\/14-18\/wp-json\/wp\/v2\/categories?post=2354"},{"taxonomy":"post_tag","embeddable":true,"href":"https:\/\/www.photoethistoire.eu\/14-18\/wp-json\/wp\/v2\/tags?post=2354"}],"curies":[{"name":"wp","href":"https:\/\/api.w.org\/{rel}","templated":true}]}}