{"id":2391,"date":"2015-03-02T10:06:00","date_gmt":"2015-03-02T09:06:00","guid":{"rendered":"https:\/\/www.photoethistoire.eu\/14-18\/?p=2391"},"modified":"2025-07-26T10:34:49","modified_gmt":"2025-07-26T09:34:49","slug":"2391","status":"publish","type":"post","link":"https:\/\/www.photoethistoire.eu\/14-18\/2015\/03\/2391\/","title":{"rendered":"In memoriam"},"content":{"rendered":"\n<p class=\"has-text-align-center\">A la m\u00e9moire de Daniel AUTIN<\/p>\n\n\n\n<p class=\"has-text-align-center\">co-fondateur de l\u2019association \u00ab&nbsp;M\u00e9moire du Centenaire 14-18 en Picardie&nbsp;\u00bb<\/p>\n\n\n\n<p class=\"has-text-align-center\">11 novembre 1948 \u2013 05 janvier 2015<\/p>\n\n\n\n<p><em>En 1984, suite au d\u00e9c\u00e8s de son p\u00e8re, Daniel d\u00e9couvrit le carnet de campagne de son grand-p\u00e8re paternel, Henri. De ce dernier, tu\u00e9 un certain 19 juillet 1915 \u00e0 Fricourt (Somme), il n&rsquo;avait pour seuls t\u00e9moignages qu&rsquo;un dipl\u00f4me remis par la France aux familles des soldats tu\u00e9s au combat, une citation \u00e0 l&rsquo;ordre de la Division ainsi que deux m\u00e9dailles. <\/em><\/p>\n\n\n\n<p><em>Muni de ces inestimables t\u00e9moignages, Daniel partira \u00e0 la d\u00e9couverte des lieux o\u00f9 son grand-p\u00e8re, normand d&rsquo;origine mais \u00e9tabli \u00e0 Bruxelles en 1905, s&rsquo;\u00e9tait battu. Dans la Marne d&rsquo;abord o\u00f9 Henri avait \u00e9t\u00e9 gri\u00e8vement bless\u00e9, puis dans la Somme o\u00f9 Daniel se rendait r\u00e9guli\u00e8rement depuis plus de 30 ans. <\/em><\/p>\n\n\n\n<p><em>Tout au d\u00e9but de ses recherches dans la Somme, c&rsquo;est Dominique Zanardi, le sympathique propri\u00e9taire du caf\u00e9 \u00ab\u00a0Le Tommy\u00a0\u00bb \u00e0 Pozi\u00e8res, qui sera le premier \u00e0 lui fournir de pr\u00e9cieux renseignements. <\/em><\/p>\n\n\n\n<p> <em>Au fil des visites dans le secteur de Fricourt, Daniel se rend compte que rien de rappelle l\u00e0-bas le sacrifice des soldats fran\u00e7ais qui y ont combattu de septembre 1914 \u00e0 ao\u00fbt 1915. Il veut trouver un moyen de faire changer les choses. Mais comment faire quand on habite si loin du front ? Cependant, durant ses d\u00e9placements dans la Somme, des liens d&rsquo;amiti\u00e9s vont se tisser et notamment avec Claudie, Andr\u00e9 et Jocelyne. Ils tendent aussi vers ce m\u00eame id\u00e9al, faire conna\u00eetre l&rsquo;histoire de ces soldats fran\u00e7ais et perp\u00e9tuer la m\u00e9moire de tous les soldats emport\u00e9s dans la tourmente qui a balay\u00e9 le secteur. Cet id\u00e9al les am\u00e8nera \u00e0 fonder, ensemble, notre association de m\u00e9moire.  <\/em><\/p>\n\n\n\n<p><em>Personnellement, j&rsquo;ai eu l&rsquo;honneur et le bonheur de partager sa vie durant plus de 40 ans. Avec l&rsquo;aide de mes amis co-fondateurs, et de tous ceux qui voudront bien soutenir notre association, je poursuivrai ce travail de m\u00e9moire auquel il \u00e9tait tant attach\u00e9. <\/em><\/p>\n\n\n<div class=\"wp-block-image\">\n<figure class=\"aligncenter size-full\"><img loading=\"lazy\" decoding=\"async\" width=\"500\" height=\"333\" src=\"https:\/\/www.photoethistoire.eu\/14-18\/wp-content\/uploads\/2015\/03\/poelkapteam.jpg\" alt=\"\" class=\"wp-image-2393\" srcset=\"https:\/\/www.photoethistoire.eu\/14-18\/wp-content\/uploads\/2015\/03\/poelkapteam.jpg 500w, https:\/\/www.photoethistoire.eu\/14-18\/wp-content\/uploads\/2015\/03\/poelkapteam-300x200.jpg 300w, https:\/\/www.photoethistoire.eu\/14-18\/wp-content\/uploads\/2015\/03\/poelkapteam-450x300.jpg 450w\" sizes=\"auto, (max-width: 500px) 100vw, 500px\" \/><\/figure><\/div>\n\n\n<p class=\"has-text-align-center\"><em>De gauche \u00e0 droite, Andr\u00e9 Belle (pr\u00e9sident), son \u00e9pouse Jocelyne et Daniel Autin<\/em> <em>en visite \u00e0 Poelkapelle (Belgique)<\/em><\/p>\n","protected":false},"excerpt":{"rendered":"<p>A la m\u00e9moire de Daniel AUTIN co-fondateur de l\u2019association \u00ab&nbsp;M\u00e9moire du Centenaire 14-18 en Picardie&nbsp;\u00bb 11 novembre 1948 \u2013 05 janvier 2015 En 1984, suite au d\u00e9c\u00e8s de son p\u00e8re, Daniel d\u00e9couvrit le carnet de campagne de son grand-p\u00e8re paternel, &hellip; <a href=\"https:\/\/www.photoethistoire.eu\/14-18\/2015\/03\/2391\/\">Lire la suite <span class=\"meta-nav\">&rarr;<\/span><\/a><\/p>\n","protected":false},"author":1,"featured_media":0,"comment_status":"closed","ping_status":"open","sticky":false,"template":"","format":"standard","meta":{"footnotes":""},"categories":[59,62],"tags":[],"class_list":["post-2391","post","type-post","status-publish","format-standard","hentry","category-association-mcp1418","category-canard"],"_links":{"self":[{"href":"https:\/\/www.photoethistoire.eu\/14-18\/wp-json\/wp\/v2\/posts\/2391","targetHints":{"allow":["GET"]}}],"collection":[{"href":"https:\/\/www.photoethistoire.eu\/14-18\/wp-json\/wp\/v2\/posts"}],"about":[{"href":"https:\/\/www.photoethistoire.eu\/14-18\/wp-json\/wp\/v2\/types\/post"}],"author":[{"embeddable":true,"href":"https:\/\/www.photoethistoire.eu\/14-18\/wp-json\/wp\/v2\/users\/1"}],"replies":[{"embeddable":true,"href":"https:\/\/www.photoethistoire.eu\/14-18\/wp-json\/wp\/v2\/comments?post=2391"}],"version-history":[{"count":5,"href":"https:\/\/www.photoethistoire.eu\/14-18\/wp-json\/wp\/v2\/posts\/2391\/revisions"}],"predecessor-version":[{"id":2398,"href":"https:\/\/www.photoethistoire.eu\/14-18\/wp-json\/wp\/v2\/posts\/2391\/revisions\/2398"}],"wp:attachment":[{"href":"https:\/\/www.photoethistoire.eu\/14-18\/wp-json\/wp\/v2\/media?parent=2391"}],"wp:term":[{"taxonomy":"category","embeddable":true,"href":"https:\/\/www.photoethistoire.eu\/14-18\/wp-json\/wp\/v2\/categories?post=2391"},{"taxonomy":"post_tag","embeddable":true,"href":"https:\/\/www.photoethistoire.eu\/14-18\/wp-json\/wp\/v2\/tags?post=2391"}],"curies":[{"name":"wp","href":"https:\/\/api.w.org\/{rel}","templated":true}]}}