{"id":2422,"date":"2025-09-16T09:47:40","date_gmt":"2025-09-16T08:47:40","guid":{"rendered":"https:\/\/www.photoethistoire.eu\/14-18\/?p=2422"},"modified":"2025-09-16T09:47:40","modified_gmt":"2025-09-16T08:47:40","slug":"celestin-joseph-alaman","status":"publish","type":"post","link":"https:\/\/www.photoethistoire.eu\/14-18\/2025\/09\/celestin-joseph-alaman\/","title":{"rendered":"C\u00e9lestin, Joseph ALAMAN"},"content":{"rendered":"\n<p>Le soldat ALAMAN est n\u00e9 le 9\/11\/1884 \u00e0 Estang (Gers). Il exer\u00e7ait la profession de peintre en b\u00e2timent. <\/p>\n\n\n\n<p>En f\u00e9vrier 1917, il est au 130e R.I. Pass\u00e9 au 403e le 04\/06\/1917. Il est d\u00e9c\u00e9d\u00e9 des suites de ses blessures le 28\/10\/1918 \u00e0 l&rsquo;ambulance 11 du 8eme Corps d&rsquo;Arm\u00e9e \u00e0 Brienne-S\/Aisne (Ardennes).<\/p>\n\n\n\n<p>Cit\u00e9 \u00e0 l&rsquo;Ordre du r\u00e9giment le 17\/10\/1918 en ces termes : <\/p>\n\n\n\n<p><em>\u00ab\u00a0S&rsquo;est particuli\u00e8rement distingu\u00e9 au cours des combats du 26 et 28 septembre 1918, faisant preuve d&rsquo;un grand courage dans l&rsquo;accomplissement de sa mission en transportant son mat\u00e9riel dans un terrain tr\u00e8s difficile et sous de violents tirs d&rsquo;artillerie et de mitrailleuses\u00a0\u00bb<\/em><\/p>\n\n\n\n<p>D\u00e9cor\u00e9 de la Croix de guerre avec \u00e9toile de bronze <\/p>\n\n\n\n<p><\/p>\n\n\n\n<p><\/p>\n","protected":false},"excerpt":{"rendered":"<p>Le soldat ALAMAN est n\u00e9 le 9\/11\/1884 \u00e0 Estang (Gers). Il exer\u00e7ait la profession de peintre en b\u00e2timent. En f\u00e9vrier 1917, il est au 130e R.I. Pass\u00e9 au 403e le 04\/06\/1917. Il est d\u00e9c\u00e9d\u00e9 des suites de ses blessures le &hellip; <a href=\"https:\/\/www.photoethistoire.eu\/14-18\/2025\/09\/celestin-joseph-alaman\/\">Lire la suite <span class=\"meta-nav\">&rarr;<\/span><\/a><\/p>\n","protected":false},"author":1,"featured_media":0,"comment_status":"closed","ping_status":"open","sticky":false,"template":"","format":"standard","meta":{"footnotes":""},"categories":[20],"tags":[],"class_list":["post-2422","post","type-post","status-publish","format-standard","hentry","category-cita"],"_links":{"self":[{"href":"https:\/\/www.photoethistoire.eu\/14-18\/wp-json\/wp\/v2\/posts\/2422","targetHints":{"allow":["GET"]}}],"collection":[{"href":"https:\/\/www.photoethistoire.eu\/14-18\/wp-json\/wp\/v2\/posts"}],"about":[{"href":"https:\/\/www.photoethistoire.eu\/14-18\/wp-json\/wp\/v2\/types\/post"}],"author":[{"embeddable":true,"href":"https:\/\/www.photoethistoire.eu\/14-18\/wp-json\/wp\/v2\/users\/1"}],"replies":[{"embeddable":true,"href":"https:\/\/www.photoethistoire.eu\/14-18\/wp-json\/wp\/v2\/comments?post=2422"}],"version-history":[{"count":1,"href":"https:\/\/www.photoethistoire.eu\/14-18\/wp-json\/wp\/v2\/posts\/2422\/revisions"}],"predecessor-version":[{"id":2423,"href":"https:\/\/www.photoethistoire.eu\/14-18\/wp-json\/wp\/v2\/posts\/2422\/revisions\/2423"}],"wp:attachment":[{"href":"https:\/\/www.photoethistoire.eu\/14-18\/wp-json\/wp\/v2\/media?parent=2422"}],"wp:term":[{"taxonomy":"category","embeddable":true,"href":"https:\/\/www.photoethistoire.eu\/14-18\/wp-json\/wp\/v2\/categories?post=2422"},{"taxonomy":"post_tag","embeddable":true,"href":"https:\/\/www.photoethistoire.eu\/14-18\/wp-json\/wp\/v2\/tags?post=2422"}],"curies":[{"name":"wp","href":"https:\/\/api.w.org\/{rel}","templated":true}]}}