{"id":2427,"date":"2025-09-16T10:28:05","date_gmt":"2025-09-16T09:28:05","guid":{"rendered":"https:\/\/www.photoethistoire.eu\/14-18\/?p=2427"},"modified":"2025-09-16T10:28:05","modified_gmt":"2025-09-16T09:28:05","slug":"louis-audra","status":"publish","type":"post","link":"https:\/\/www.photoethistoire.eu\/14-18\/2025\/09\/louis-audra\/","title":{"rendered":"Louis AUDRA"},"content":{"rendered":"\n<p>Le caporal Louis AUDRA est n\u00e9 le 11\/02\/1884 \u00e0 Saillans (Dr\u00f4me). Selon sa fiche matricule, il exer\u00e7ait la profession de cafetier. Il a fait la campagne d&rsquo;Alg\u00e9rie du 21\/10\/1905 au 25\/05\/1906. Il est dans la r\u00e9gion saharienne du 26\/09\/1906 au 17\/09\/1907 et en Alg\u00e9rie du 18\/09\/1907 au 01\/10\/1907. Il passe dans la r\u00e9serve en 1908. <\/p>\n\n\n\n<p>Il est renseign\u00e9 comme ayant \u00e9t\u00e9 au 1er Zouaves (19e section d&rsquo;infirmiers) &#8211; Puis \u00e0 la 14e section d&rsquo;infirmier \u00e0 Lyon et enfin \u00e0 la 22e section d&rsquo;infirmiers \u00e0 Paris. Rappel\u00e9 sous les drapeaux lors de la mobilisation g\u00e9n\u00e9rale en ao\u00fbt 1914. Il est au 58e R.I. en f\u00e9vrier 1917 et il passe au 403e R.I. le 16\/09\/1917. <\/p>\n\n\n\n<p>Il est frapp\u00e9e par une balle le 03\/10\/1918 \u00e0 St Marie \u00e0 Py et d\u00e9c\u00e9dera des suites de ses blessures le 14 octobre suivant \u00e0 l&rsquo;ambulance 3\/05. <\/p>\n\n\n\n<p>Il fait l&rsquo;objet de deux citations \u00e0 l&rsquo;Ordre du r\u00e9giment. <\/p>\n\n\n\n<p>La premi\u00e8re en date du 28 juin 1918 et en ces termes : <\/p>\n\n\n\n<p><em>\u00ab\u00a0Excellent soldat brave et d\u00e9vou\u00e9 a arr\u00eat\u00e9 par son attitude l&rsquo;avance de l&rsquo;ennemi et a puissamment contribu\u00e9 \u00e0 la r\u00e9ussite de la contre-attaque en chargeant \u00e0 la ba\u00efonnette\u00a0\u00bb<\/em><\/p>\n\n\n\n<p>La seconde en date du 8 d\u00e9cembre 1918 et en ces termes : <\/p>\n\n\n\n<p><em>\u00ab\u00a0Tr\u00e8s bon grad\u00e9 d&rsquo;une \u00e9nergie exemplaire et d&rsquo;un courage \u00e0 toute \u00e9preuve, s&rsquo;est toujours distingu\u00e9s dans les combats dans lesquels le r\u00e9giment a \u00e9t\u00e9 engag\u00e9. Pendant la p\u00e9riode du 26 septembre au 3 octobre 1918<\/em> <em>a confirm\u00e9 sa brillante conduite au feu. A \u00e9t\u00e9 gri\u00e8vement bless\u00e9 le 3 octobre \u00e0 St Marie \u00e0 Py (Marne) alors qu&rsquo;\u00e0 la t\u00eate de ses hommes il se portait \u00e0 l&rsquo;attaque des positions ennemies\u00a0\u00bb<\/em><\/p>\n","protected":false},"excerpt":{"rendered":"<p>Le caporal Louis AUDRA est n\u00e9 le 11\/02\/1884 \u00e0 Saillans (Dr\u00f4me). Selon sa fiche matricule, il exer\u00e7ait la profession de cafetier. Il a fait la campagne d&rsquo;Alg\u00e9rie du 21\/10\/1905 au 25\/05\/1906. Il est dans la r\u00e9gion saharienne du 26\/09\/1906 au &hellip; <a href=\"https:\/\/www.photoethistoire.eu\/14-18\/2025\/09\/louis-audra\/\">Lire la suite <span class=\"meta-nav\">&rarr;<\/span><\/a><\/p>\n","protected":false},"author":1,"featured_media":0,"comment_status":"closed","ping_status":"open","sticky":false,"template":"","format":"standard","meta":{"footnotes":""},"categories":[2,20],"tags":[],"class_list":["post-2427","post","type-post","status-publish","format-standard","hentry","category-403e","category-cita"],"_links":{"self":[{"href":"https:\/\/www.photoethistoire.eu\/14-18\/wp-json\/wp\/v2\/posts\/2427","targetHints":{"allow":["GET"]}}],"collection":[{"href":"https:\/\/www.photoethistoire.eu\/14-18\/wp-json\/wp\/v2\/posts"}],"about":[{"href":"https:\/\/www.photoethistoire.eu\/14-18\/wp-json\/wp\/v2\/types\/post"}],"author":[{"embeddable":true,"href":"https:\/\/www.photoethistoire.eu\/14-18\/wp-json\/wp\/v2\/users\/1"}],"replies":[{"embeddable":true,"href":"https:\/\/www.photoethistoire.eu\/14-18\/wp-json\/wp\/v2\/comments?post=2427"}],"version-history":[{"count":1,"href":"https:\/\/www.photoethistoire.eu\/14-18\/wp-json\/wp\/v2\/posts\/2427\/revisions"}],"predecessor-version":[{"id":2428,"href":"https:\/\/www.photoethistoire.eu\/14-18\/wp-json\/wp\/v2\/posts\/2427\/revisions\/2428"}],"wp:attachment":[{"href":"https:\/\/www.photoethistoire.eu\/14-18\/wp-json\/wp\/v2\/media?parent=2427"}],"wp:term":[{"taxonomy":"category","embeddable":true,"href":"https:\/\/www.photoethistoire.eu\/14-18\/wp-json\/wp\/v2\/categories?post=2427"},{"taxonomy":"post_tag","embeddable":true,"href":"https:\/\/www.photoethistoire.eu\/14-18\/wp-json\/wp\/v2\/tags?post=2427"}],"curies":[{"name":"wp","href":"https:\/\/api.w.org\/{rel}","templated":true}]}}