{"id":2438,"date":"2025-09-16T13:56:19","date_gmt":"2025-09-16T12:56:19","guid":{"rendered":"https:\/\/www.photoethistoire.eu\/14-18\/?p=2438"},"modified":"2025-09-16T13:56:19","modified_gmt":"2025-09-16T12:56:19","slug":"ernest-victor-chion","status":"publish","type":"post","link":"https:\/\/www.photoethistoire.eu\/14-18\/2025\/09\/ernest-victor-chion\/","title":{"rendered":"Ernest Victor CHION"},"content":{"rendered":"\n<p>Il est n\u00e9 le 14\/03\/1890 \u00e0 La Londe (Seine-Maritime) et y r\u00e9sidait \u00e0 l&rsquo;\u00e9poque de son service militaire. Il exer\u00e7ait la profession de b\u00fbcheron. Il est un des disparus lors de l&rsquo;attaque du <a href=\"https:\/\/www.photoethistoire.eu\/14-18\/2009\/02\/19-juillet-1915-coup-de-main-sur-le-bois-allemand\/\" data-type=\"link\" data-id=\"https:\/\/www.photoethistoire.eu\/14-18\/2009\/02\/19-juillet-1915-coup-de-main-sur-le-bois-allemand\/\">19 juillet 1915 \u00e0 Fricourt<\/a>. <\/p>\n\n\n\n<p>Cit\u00e9 \u00e0 l&rsquo;Ordre du 3e Corps d&rsquo;Arm\u00e9e en ces termes : <\/p>\n\n\n\n<p><em>\u00ab\u00a0Quoique gri\u00e8vement bless\u00e9 a continu\u00e9 \u00e0 faire le coup de feu jusqu&rsquo;\u00e0 ce qu&rsquo;une balle l&rsquo;ait mis hors de combat\u00a0\u00bb<\/em><\/p>\n","protected":false},"excerpt":{"rendered":"<p>Il est n\u00e9 le 14\/03\/1890 \u00e0 La Londe (Seine-Maritime) et y r\u00e9sidait \u00e0 l&rsquo;\u00e9poque de son service militaire. Il exer\u00e7ait la profession de b\u00fbcheron. Il est un des disparus lors de l&rsquo;attaque du 19 juillet 1915 \u00e0 Fricourt. Cit\u00e9 \u00e0 &hellip; <a href=\"https:\/\/www.photoethistoire.eu\/14-18\/2025\/09\/ernest-victor-chion\/\">Lire la suite <span class=\"meta-nav\">&rarr;<\/span><\/a><\/p>\n","protected":false},"author":1,"featured_media":0,"comment_status":"closed","ping_status":"open","sticky":false,"template":"","format":"standard","meta":{"footnotes":""},"categories":[2,20],"tags":[],"class_list":["post-2438","post","type-post","status-publish","format-standard","hentry","category-403e","category-cita"],"_links":{"self":[{"href":"https:\/\/www.photoethistoire.eu\/14-18\/wp-json\/wp\/v2\/posts\/2438","targetHints":{"allow":["GET"]}}],"collection":[{"href":"https:\/\/www.photoethistoire.eu\/14-18\/wp-json\/wp\/v2\/posts"}],"about":[{"href":"https:\/\/www.photoethistoire.eu\/14-18\/wp-json\/wp\/v2\/types\/post"}],"author":[{"embeddable":true,"href":"https:\/\/www.photoethistoire.eu\/14-18\/wp-json\/wp\/v2\/users\/1"}],"replies":[{"embeddable":true,"href":"https:\/\/www.photoethistoire.eu\/14-18\/wp-json\/wp\/v2\/comments?post=2438"}],"version-history":[{"count":1,"href":"https:\/\/www.photoethistoire.eu\/14-18\/wp-json\/wp\/v2\/posts\/2438\/revisions"}],"predecessor-version":[{"id":2439,"href":"https:\/\/www.photoethistoire.eu\/14-18\/wp-json\/wp\/v2\/posts\/2438\/revisions\/2439"}],"wp:attachment":[{"href":"https:\/\/www.photoethistoire.eu\/14-18\/wp-json\/wp\/v2\/media?parent=2438"}],"wp:term":[{"taxonomy":"category","embeddable":true,"href":"https:\/\/www.photoethistoire.eu\/14-18\/wp-json\/wp\/v2\/categories?post=2438"},{"taxonomy":"post_tag","embeddable":true,"href":"https:\/\/www.photoethistoire.eu\/14-18\/wp-json\/wp\/v2\/tags?post=2438"}],"curies":[{"name":"wp","href":"https:\/\/api.w.org\/{rel}","templated":true}]}}