{"id":2440,"date":"2025-09-17T12:25:00","date_gmt":"2025-09-17T11:25:00","guid":{"rendered":"https:\/\/www.photoethistoire.eu\/14-18\/?p=2440"},"modified":"2025-09-17T12:25:00","modified_gmt":"2025-09-17T11:25:00","slug":"julien-georges-clabecq","status":"publish","type":"post","link":"https:\/\/www.photoethistoire.eu\/14-18\/2025\/09\/julien-georges-clabecq\/","title":{"rendered":"Julien, Georges CLABECQ"},"content":{"rendered":"\n<p>Ce caporal est n\u00e9 le 27\/01\/1893 \u00e0 Li\u00e8vin (Pas-de-Calais) et il r\u00e9sidait \u00e0 Billy-Montigny \u00e0 l&rsquo;\u00e9poque de son service. Il exer\u00e7ait la profession de houilleur. <\/p>\n\n\n\n<p>Il s&rsquo;\u00e9tait engag\u00e9 pour 3 ans au 132e R.I. en 1913, r\u00e9giment o\u00f9 il servait toujours en 1914. Il a \u00e9t\u00e9 bless\u00e9 par un \u00e9clat d&rsquo;obus  le 17\/09\/1914 aux combats de Brabant-sur-MeuseI. <\/p>\n\n\n\n<p>Apr\u00e8s sa convalescence il  a rejoint le 403e en mars 1915. Bless\u00e9 \u00e0 nouveau le 10 mars 1917, il est d\u00e9c\u00e9d\u00e9 des suites de ses blessures \u00e0 l&rsquo;ambulance 1\/151 de Reims. Il est inhum\u00e9 \u00e0 Reims dans le carr\u00e9 militaire \u00ab\u00a0Reims Ouest\u00a0\u00bb &#8211; Tb 232<\/p>\n\n\n\n<p>Cit\u00e9 \u00e0 l&rsquo;Ordre du 403e R.I. en ces termes : <\/p>\n\n\n\n<p><em>\u00ab\u00a0Caporal excellent d&rsquo;un courage et d&rsquo;un sang-froid admirables, a su par son attitude \u00e9nergique entra\u00eener ses hommes et briser les tentatives de l&rsquo;ennemi\u00a0\u00bb<\/em><\/p>\n\n\n\n<p>D\u00e9cor\u00e9 de la Croix de guerre avec \u00e9toile de bronze<br><\/p>\n","protected":false},"excerpt":{"rendered":"<p>Ce caporal est n\u00e9 le 27\/01\/1893 \u00e0 Li\u00e8vin (Pas-de-Calais) et il r\u00e9sidait \u00e0 Billy-Montigny \u00e0 l&rsquo;\u00e9poque de son service. Il exer\u00e7ait la profession de houilleur. Il s&rsquo;\u00e9tait engag\u00e9 pour 3 ans au 132e R.I. en 1913, r\u00e9giment o\u00f9 il servait &hellip; <a href=\"https:\/\/www.photoethistoire.eu\/14-18\/2025\/09\/julien-georges-clabecq\/\">Lire la suite <span class=\"meta-nav\">&rarr;<\/span><\/a><\/p>\n","protected":false},"author":1,"featured_media":0,"comment_status":"closed","ping_status":"open","sticky":false,"template":"","format":"standard","meta":{"footnotes":""},"categories":[2,20],"tags":[],"class_list":["post-2440","post","type-post","status-publish","format-standard","hentry","category-403e","category-cita"],"_links":{"self":[{"href":"https:\/\/www.photoethistoire.eu\/14-18\/wp-json\/wp\/v2\/posts\/2440","targetHints":{"allow":["GET"]}}],"collection":[{"href":"https:\/\/www.photoethistoire.eu\/14-18\/wp-json\/wp\/v2\/posts"}],"about":[{"href":"https:\/\/www.photoethistoire.eu\/14-18\/wp-json\/wp\/v2\/types\/post"}],"author":[{"embeddable":true,"href":"https:\/\/www.photoethistoire.eu\/14-18\/wp-json\/wp\/v2\/users\/1"}],"replies":[{"embeddable":true,"href":"https:\/\/www.photoethistoire.eu\/14-18\/wp-json\/wp\/v2\/comments?post=2440"}],"version-history":[{"count":1,"href":"https:\/\/www.photoethistoire.eu\/14-18\/wp-json\/wp\/v2\/posts\/2440\/revisions"}],"predecessor-version":[{"id":2441,"href":"https:\/\/www.photoethistoire.eu\/14-18\/wp-json\/wp\/v2\/posts\/2440\/revisions\/2441"}],"wp:attachment":[{"href":"https:\/\/www.photoethistoire.eu\/14-18\/wp-json\/wp\/v2\/media?parent=2440"}],"wp:term":[{"taxonomy":"category","embeddable":true,"href":"https:\/\/www.photoethistoire.eu\/14-18\/wp-json\/wp\/v2\/categories?post=2440"},{"taxonomy":"post_tag","embeddable":true,"href":"https:\/\/www.photoethistoire.eu\/14-18\/wp-json\/wp\/v2\/tags?post=2440"}],"curies":[{"name":"wp","href":"https:\/\/api.w.org\/{rel}","templated":true}]}}