{"id":2446,"date":"2025-09-17T14:23:01","date_gmt":"2025-09-17T13:23:01","guid":{"rendered":"https:\/\/www.photoethistoire.eu\/14-18\/?p=2446"},"modified":"2025-09-17T14:29:01","modified_gmt":"2025-09-17T13:29:01","slug":"eugene-albert-comont","status":"publish","type":"post","link":"https:\/\/www.photoethistoire.eu\/14-18\/2025\/09\/eugene-albert-comont\/","title":{"rendered":"Eug\u00e8ne, Albert COMONT"},"content":{"rendered":"\n<p>Le sergent Comont est n\u00e9 le 25\/07\/1882 \u00e0 Bolbec (Seine-Maritime) et r\u00e9sidait \u00e0 Gruchet-la-Valasse (Seine-Maritime) et exer\u00e7ait la profession d&#8217;employ\u00e9 de bureau. Il s&rsquo;\u00e9tait mari\u00e9 en 1910 mais j&rsquo;ignore s&rsquo;il avait des enfants. <\/p>\n\n\n\n<p>Eug\u00e8ne a \u00e9t\u00e9 tu\u00e9 aux combats de Ville-sur-Tourbe le 05 septembre 1915. Dans un 1er temps il a \u00e9t\u00e9 d\u00e9clar\u00e9 disparu mais son corps a \u00e9t\u00e9 retrouv\u00e9 et identifi\u00e9 par la suite. Il est inhum\u00e9 en la N\u00e9cropole \u00ab\u00a0Pont-de-Marson\u00a0\u00bb \u00e0 Minaucourt-le-Mesnil-l\u00e8s-Hurlus &#8211; Tb 7411. <\/p>\n\n\n\n<p>A noter que deux fr\u00e8res de son \u00e9pouse, qui servaient au 274e R.I., ont \u00e9t\u00e9 \u00e9galement tu\u00e9s au combat \u00e0 quelques jours d&rsquo;intervalle.<\/p>\n\n\n\n<p>L\u00e9opold, Albert, Clovis DUBOSC n\u00e9 en 1884, mort au combat le 8 septembre 1914 lors de l&rsquo;attaque que la ferme de Ch\u00e9n\u00e9zard (commune de Rieux dans la Marne). Une vingtaine d&rsquo;hommes du 274e furent tu\u00e9s ce jour-l\u00e0. <\/p>\n\n\n\n<p>Charles, Emile, Alfred DUBOSC n\u00e9 en 1887 aurait \u00e9t\u00e9 bless\u00e9 le 27 septembre 1914 et d\u00e9c\u00e9d\u00e9 des suites de ses blessures le lendemain \u00e0 Chenay. <\/p>\n\n\n\n<p>Les deux fr\u00e8res sont inhum\u00e9s l&rsquo;un \u00e0 c\u00f4t\u00e9 de l&rsquo;autre dans le cimeti\u00e8re communal de Bolbec. <strong><em>( Source : <\/em><\/strong><a href=\"https:\/\/www.memorialgenweb.org\"><em>https:\/\/www.memorialgenweb.org<\/em><\/a> )<\/p>\n\n\n\n<p><\/p>\n","protected":false},"excerpt":{"rendered":"<p>Le sergent Comont est n\u00e9 le 25\/07\/1882 \u00e0 Bolbec (Seine-Maritime) et r\u00e9sidait \u00e0 Gruchet-la-Valasse (Seine-Maritime) et exer\u00e7ait la profession d&#8217;employ\u00e9 de bureau. Il s&rsquo;\u00e9tait mari\u00e9 en 1910 mais j&rsquo;ignore s&rsquo;il avait des enfants. Eug\u00e8ne a \u00e9t\u00e9 tu\u00e9 aux combats de &hellip; <a href=\"https:\/\/www.photoethistoire.eu\/14-18\/2025\/09\/eugene-albert-comont\/\">Lire la suite <span class=\"meta-nav\">&rarr;<\/span><\/a><\/p>\n","protected":false},"author":1,"featured_media":0,"comment_status":"closed","ping_status":"open","sticky":false,"template":"","format":"standard","meta":{"footnotes":""},"categories":[2,65],"tags":[],"class_list":["post-2446","post","type-post","status-publish","format-standard","hentry","category-403e","category-pluloin"],"_links":{"self":[{"href":"https:\/\/www.photoethistoire.eu\/14-18\/wp-json\/wp\/v2\/posts\/2446","targetHints":{"allow":["GET"]}}],"collection":[{"href":"https:\/\/www.photoethistoire.eu\/14-18\/wp-json\/wp\/v2\/posts"}],"about":[{"href":"https:\/\/www.photoethistoire.eu\/14-18\/wp-json\/wp\/v2\/types\/post"}],"author":[{"embeddable":true,"href":"https:\/\/www.photoethistoire.eu\/14-18\/wp-json\/wp\/v2\/users\/1"}],"replies":[{"embeddable":true,"href":"https:\/\/www.photoethistoire.eu\/14-18\/wp-json\/wp\/v2\/comments?post=2446"}],"version-history":[{"count":3,"href":"https:\/\/www.photoethistoire.eu\/14-18\/wp-json\/wp\/v2\/posts\/2446\/revisions"}],"predecessor-version":[{"id":2451,"href":"https:\/\/www.photoethistoire.eu\/14-18\/wp-json\/wp\/v2\/posts\/2446\/revisions\/2451"}],"wp:attachment":[{"href":"https:\/\/www.photoethistoire.eu\/14-18\/wp-json\/wp\/v2\/media?parent=2446"}],"wp:term":[{"taxonomy":"category","embeddable":true,"href":"https:\/\/www.photoethistoire.eu\/14-18\/wp-json\/wp\/v2\/categories?post=2446"},{"taxonomy":"post_tag","embeddable":true,"href":"https:\/\/www.photoethistoire.eu\/14-18\/wp-json\/wp\/v2\/tags?post=2446"}],"curies":[{"name":"wp","href":"https:\/\/api.w.org\/{rel}","templated":true}]}}