{"id":2468,"date":"2025-09-26T09:44:22","date_gmt":"2025-09-26T08:44:22","guid":{"rendered":"https:\/\/www.photoethistoire.eu\/14-18\/?p=2468"},"modified":"2025-09-26T09:44:22","modified_gmt":"2025-09-26T08:44:22","slug":"louis-joseph-delphin-leportier","status":"publish","type":"post","link":"https:\/\/www.photoethistoire.eu\/14-18\/2025\/09\/louis-joseph-delphin-leportier\/","title":{"rendered":"Louis, Joseph, Delphin LEPORTIER"},"content":{"rendered":"\n<p>Ce soldat est n\u00e9 le 14\/04\/1878 \u00e0 Trouville (Calvados). Selon sa fiche matricule, \u00e0 l&rsquo;\u00e9poque de son service, il exer\u00e7ait la profession de domestique.<\/p>\n\n\n\n<p>Il s&rsquo;\u00e9tait mari\u00e9 en 1911 et p\u00e8re d&rsquo;au moins un enfant. <\/p>\n\n\n\n<p>A la mobilisation, il semble \u00eatre affect\u00e9 au 20e R.I. en ao\u00fbt 1914, il passe au 24 R.I en d\u00e9cembre 1914 puis au 403e en octobre 1915.<\/p>\n\n\n\n<p>Il d\u00e9c\u00e8de des suites de ses blessures le 14 avril 1916 \u00e0 l&rsquo;ambulance 3\/11 de Somme-Suippe. Il est inhum\u00e9 en la N\u00e9cropole nationale de Somme-Suippe, tb 1121;<\/p>\n\n\n\n<p>Il a \u00e9t\u00e9 cit\u00e9 \u00e0 l&rsquo;ordre de l&rsquo;Arm\u00e9e en ces termes : <\/p>\n\n\n\n<p><em>\u00a0\u00bb Bon et brave soldat qui a \u00e9t\u00e9 bless\u00e9 tr\u00e8s gri\u00e8vement le 10 avril 1916&Prime;<\/em><\/p>\n\n\n\n<p>D\u00e9cor\u00e9 de la M\u00e9daille Militaire et de la Croix de guerre avec palme. <\/p>\n\n\n\n<p>Il a un fr\u00e8re, D\u00e9sir\u00e9, Madeleine qui servait lui au 119e R.I. Il a \u00e9t\u00e9 tu\u00e9 au combat le 16 juin 1915 \u00e0 Ecurie dans le Pas-de-Calais.<\/p>\n","protected":false},"excerpt":{"rendered":"<p>Ce soldat est n\u00e9 le 14\/04\/1878 \u00e0 Trouville (Calvados). Selon sa fiche matricule, \u00e0 l&rsquo;\u00e9poque de son service, il exer\u00e7ait la profession de domestique. Il s&rsquo;\u00e9tait mari\u00e9 en 1911 et p\u00e8re d&rsquo;au moins un enfant. A la mobilisation, il semble &hellip; <a href=\"https:\/\/www.photoethistoire.eu\/14-18\/2025\/09\/louis-joseph-delphin-leportier\/\">Lire la suite <span class=\"meta-nav\">&rarr;<\/span><\/a><\/p>\n","protected":false},"author":1,"featured_media":0,"comment_status":"closed","ping_status":"open","sticky":false,"template":"","format":"standard","meta":{"footnotes":""},"categories":[2,20],"tags":[],"class_list":["post-2468","post","type-post","status-publish","format-standard","hentry","category-403e","category-cita"],"_links":{"self":[{"href":"https:\/\/www.photoethistoire.eu\/14-18\/wp-json\/wp\/v2\/posts\/2468","targetHints":{"allow":["GET"]}}],"collection":[{"href":"https:\/\/www.photoethistoire.eu\/14-18\/wp-json\/wp\/v2\/posts"}],"about":[{"href":"https:\/\/www.photoethistoire.eu\/14-18\/wp-json\/wp\/v2\/types\/post"}],"author":[{"embeddable":true,"href":"https:\/\/www.photoethistoire.eu\/14-18\/wp-json\/wp\/v2\/users\/1"}],"replies":[{"embeddable":true,"href":"https:\/\/www.photoethistoire.eu\/14-18\/wp-json\/wp\/v2\/comments?post=2468"}],"version-history":[{"count":2,"href":"https:\/\/www.photoethistoire.eu\/14-18\/wp-json\/wp\/v2\/posts\/2468\/revisions"}],"predecessor-version":[{"id":2470,"href":"https:\/\/www.photoethistoire.eu\/14-18\/wp-json\/wp\/v2\/posts\/2468\/revisions\/2470"}],"wp:attachment":[{"href":"https:\/\/www.photoethistoire.eu\/14-18\/wp-json\/wp\/v2\/media?parent=2468"}],"wp:term":[{"taxonomy":"category","embeddable":true,"href":"https:\/\/www.photoethistoire.eu\/14-18\/wp-json\/wp\/v2\/categories?post=2468"},{"taxonomy":"post_tag","embeddable":true,"href":"https:\/\/www.photoethistoire.eu\/14-18\/wp-json\/wp\/v2\/tags?post=2468"}],"curies":[{"name":"wp","href":"https:\/\/api.w.org\/{rel}","templated":true}]}}