{"id":247,"date":"2014-08-03T22:06:10","date_gmt":"2014-08-03T21:06:10","guid":{"rendered":"http:\/\/www.photoethistoire.eu\/14-18\/?p=247"},"modified":"2016-08-04T08:54:11","modified_gmt":"2016-08-04T07:54:11","slug":"henri-autin-3-aout-1914-le-grand-depart","status":"publish","type":"post","link":"https:\/\/www.photoethistoire.eu\/14-18\/2014\/08\/henri-autin-3-aout-1914-le-grand-depart\/","title":{"rendered":"Henri Autin &#8211; 3 ao\u00fbt 1914, le grand d\u00e9part"},"content":{"rendered":"<p>Il y a 100 ans aujourd&rsquo;hui&#8230;.<\/p>\n<p>Tous les soldats ne partaient pas la fleur au fusil, et encore moins ceux qui avaient charge de famille.<\/p>\n<p>En ce d\u00e9but de guerre et en sa qualit\u00e9 de chef de famille, le grand-p\u00e8re Autin n&rsquo;\u00e9tait pourtant qu&rsquo;auxiliaire au 74e R\u00e9giment d&rsquo;Infanterie. Il sera d&rsquo;abord d\u00e9sign\u00e9 comme cuisinier dans ce r\u00e9giment o\u00f9 il a accompli son service.<\/p>\n<p>En ce mois d&rsquo;ao\u00fbt 1914, le 74e R.I va perdre beaucoup d&rsquo;hommes lors de la bataille de Charleroi. Bient\u00f4t, avec ses compagnons, Henri ira remplacer ces malheureux en premi\u00e8re ligne du c\u00f4t\u00e9 de Reims et plonger ainsi dans l&rsquo;enfer de la guerre.<\/p>\n<p>En 1914, venu de sa lointaine Normandie Henri habite, depuis son mariage, Bruxelles o\u00f9 son \u00e9pouse a de la famille. Il travaille au \u00ab\u00a0Caf\u00e9 de l&rsquo;Horloge\u00a0\u00bb porte de Namur. Avant son mariage il travaillait \u00e0 la <em>\u00ab\u00a0Brasserie Paul\u00a0\u00bb<\/em> \u00e0 Rouen qui appartenait alors \u00e0 la famille de sa femme. C&rsquo;est l\u00e0 qu&rsquo;ils s&rsquo;\u00e9taient rencontr\u00e9s.<\/p>\n<p>Hier 2 ao\u00fbt 1914, il a \u00a0pris connaissance de la mobilisation g\u00e9n\u00e9rale. Au consulat on lui a conseill\u00e9 de passer en France d\u00e8s le lendemain. Le \u00a0Luxembourg a \u00e9t\u00e9 envahi et, le 4 ao\u00fbt, la Belgique va l&rsquo;\u00eatre \u00e0 son tour.<\/p>\n<p>Au matin\u00a0du 3 ao\u00fbt 1914, \u00e0 9h tr\u00e8s pr\u00e9cis\u00e9ment, il se rend au consulat o\u00f9 il re\u00e7oit son billet de chemin de fer. Il passe ensuite chez ses patrons pour leur faire ses adieux. Dans la conversation on \u00e9voque sa femme, ses enfants et il se laisse aller \u00e0 pleurer. Henri a 31 ans et est p\u00e8re de deux enfants. Cependant il ne craint rien de la guerre puisqu&rsquo;il n&rsquo;est qu&rsquo;auxiliaire mais il souffre de quitter les siens et un entourage parmi lequel il a \u00e9t\u00e9 si heureux.<\/p>\n<p>Il passe ensuite au lyc\u00e9e fran\u00e7ais o\u00f9 il s&rsquo;inscrit en tant que mobilis\u00e9 afin que sa femme puisse toucher une allocation.<\/p>\n<p>Ensuite il rentre chez lui&#8230;<\/p>\n<p><strong><em>\u00ab\u00a0Les enfants sont autour de moi mais je les supporte difficilement car j&rsquo;ai peur de pleurer devant eux.<\/em><\/strong><\/p>\n<p><strong><em>Midi l&rsquo;heure de d\u00eener car le train est \u00e0 deux heures. Pas d&rsquo;app\u00e9tit.<\/em><\/strong><\/p>\n<p><strong><em>1h 1\/4, s\u00e9paration il \u00e9tait temps ; je pleure comme un enfant en descendant l&rsquo;escalier mais j&rsquo;ai r\u00e9ussi \u00e0 ne par leur montrer, j&rsquo;ai m\u00eame eu la force, en embrassant ma femme de lui recommander de ne pas pleurer devant eux. Dans la rue, les forces me reviennent, mais lorsque ma femme me dit au revoir au balcon, je vois qu&rsquo;elle aussi pleure. Dieu que la guerre va faire du mal.\u00a0\u00bb<\/em><\/strong><\/p>\n<p>C&rsquo;est la derni\u00e8re image qu&rsquo;il aura eu des siens. \u00a0Ironie du sort, le 4 ao\u00fbt, durant son voyage vers Rouen et la caserne P\u00e9lissier, \u00a0Henri passera par Amiens o\u00f9 il d\u00e9barquera moins d&rsquo;un an plus tard avec le 403e R\u00e9giment d&rsquo;Infanterie. \u00a0En partant accomplir son devoir, il traverse ce pays de Somme o\u00f9 il sera tu\u00e9 au combat le 19 juillet 1915. Son corps n&rsquo;a jamais \u00e9t\u00e9 retrouv\u00e9.<\/p>\n","protected":false},"excerpt":{"rendered":"<p>Il y a 100 ans aujourd&rsquo;hui&#8230;. Tous les soldats ne partaient pas la fleur au fusil, et encore moins ceux qui avaient charge de famille. En ce d\u00e9but de guerre et en sa qualit\u00e9 de chef de famille, le grand-p\u00e8re &hellip; <a href=\"https:\/\/www.photoethistoire.eu\/14-18\/2014\/08\/henri-autin-3-aout-1914-le-grand-depart\/\">Lire la suite <span class=\"meta-nav\">&rarr;<\/span><\/a><\/p>\n","protected":false},"author":1,"featured_media":0,"comment_status":"closed","ping_status":"open","sticky":false,"template":"","format":"standard","meta":{"footnotes":""},"categories":[25],"tags":[],"class_list":["post-247","post","type-post","status-publish","format-standard","hentry","category-notres"],"_links":{"self":[{"href":"https:\/\/www.photoethistoire.eu\/14-18\/wp-json\/wp\/v2\/posts\/247","targetHints":{"allow":["GET"]}}],"collection":[{"href":"https:\/\/www.photoethistoire.eu\/14-18\/wp-json\/wp\/v2\/posts"}],"about":[{"href":"https:\/\/www.photoethistoire.eu\/14-18\/wp-json\/wp\/v2\/types\/post"}],"author":[{"embeddable":true,"href":"https:\/\/www.photoethistoire.eu\/14-18\/wp-json\/wp\/v2\/users\/1"}],"replies":[{"embeddable":true,"href":"https:\/\/www.photoethistoire.eu\/14-18\/wp-json\/wp\/v2\/comments?post=247"}],"version-history":[{"count":3,"href":"https:\/\/www.photoethistoire.eu\/14-18\/wp-json\/wp\/v2\/posts\/247\/revisions"}],"predecessor-version":[{"id":1504,"href":"https:\/\/www.photoethistoire.eu\/14-18\/wp-json\/wp\/v2\/posts\/247\/revisions\/1504"}],"wp:attachment":[{"href":"https:\/\/www.photoethistoire.eu\/14-18\/wp-json\/wp\/v2\/media?parent=247"}],"wp:term":[{"taxonomy":"category","embeddable":true,"href":"https:\/\/www.photoethistoire.eu\/14-18\/wp-json\/wp\/v2\/categories?post=247"},{"taxonomy":"post_tag","embeddable":true,"href":"https:\/\/www.photoethistoire.eu\/14-18\/wp-json\/wp\/v2\/tags?post=247"}],"curies":[{"name":"wp","href":"https:\/\/api.w.org\/{rel}","templated":true}]}}