{"id":2478,"date":"2025-09-26T19:25:48","date_gmt":"2025-09-26T18:25:48","guid":{"rendered":"https:\/\/www.photoethistoire.eu\/14-18\/?p=2478"},"modified":"2025-09-26T19:25:48","modified_gmt":"2025-09-26T18:25:48","slug":"raymond-armand-ferdinand-liberprey","status":"publish","type":"post","link":"https:\/\/www.photoethistoire.eu\/14-18\/2025\/09\/raymond-armand-ferdinand-liberprey\/","title":{"rendered":"Raymond, Armand, Ferdinand LIBERPREY"},"content":{"rendered":"\n<p>Il est n\u00e9 le 06\/11\/1882 \u00e0 Rouen et, \u00e0 l&rsquo;\u00e9poque de son service, il r\u00e9sidait \u00e0 Yvet\u00f4t (Seine-Maritime) et exer\u00e7ait la profession d&#8217;employ\u00e9 de commerce (Maison Antime Cornu). Il \u00e9tait mari\u00e9 et p\u00e8re d&rsquo;un enfant.<\/p>\n\n\n\n<p>Il est au 24e R.I. en f\u00e9vrier 1915 et passe au 403e le 10\/07\/1915. Tu\u00e9 au combat de Ville-sur-Tourbe le 25 septembre 1915.  <\/p>\n\n\n\n<p>Cit\u00e9 \u00e0 l&rsquo;Ordre de la Division en ces termes : <\/p>\n\n\n\n<p><em>\u00a0\u00bb A franchi le parapet entra\u00eenant ses camarades par les cris de \u00ab\u00a0En avant, jusqu&rsquo;\u00e0 la mort\u00a0\u00bb. A \u00e9t\u00e9 mortellement frapp\u00e9 \u00ab\u00a0<\/em><\/p>\n","protected":false},"excerpt":{"rendered":"<p>Il est n\u00e9 le 06\/11\/1882 \u00e0 Rouen et, \u00e0 l&rsquo;\u00e9poque de son service, il r\u00e9sidait \u00e0 Yvet\u00f4t (Seine-Maritime) et exer\u00e7ait la profession d&#8217;employ\u00e9 de commerce (Maison Antime Cornu). Il \u00e9tait mari\u00e9 et p\u00e8re d&rsquo;un enfant. Il est au 24e R.I. &hellip; <a href=\"https:\/\/www.photoethistoire.eu\/14-18\/2025\/09\/raymond-armand-ferdinand-liberprey\/\">Lire la suite <span class=\"meta-nav\">&rarr;<\/span><\/a><\/p>\n","protected":false},"author":1,"featured_media":0,"comment_status":"closed","ping_status":"open","sticky":false,"template":"","format":"standard","meta":{"footnotes":""},"categories":[2,20],"tags":[],"class_list":["post-2478","post","type-post","status-publish","format-standard","hentry","category-403e","category-cita"],"_links":{"self":[{"href":"https:\/\/www.photoethistoire.eu\/14-18\/wp-json\/wp\/v2\/posts\/2478","targetHints":{"allow":["GET"]}}],"collection":[{"href":"https:\/\/www.photoethistoire.eu\/14-18\/wp-json\/wp\/v2\/posts"}],"about":[{"href":"https:\/\/www.photoethistoire.eu\/14-18\/wp-json\/wp\/v2\/types\/post"}],"author":[{"embeddable":true,"href":"https:\/\/www.photoethistoire.eu\/14-18\/wp-json\/wp\/v2\/users\/1"}],"replies":[{"embeddable":true,"href":"https:\/\/www.photoethistoire.eu\/14-18\/wp-json\/wp\/v2\/comments?post=2478"}],"version-history":[{"count":1,"href":"https:\/\/www.photoethistoire.eu\/14-18\/wp-json\/wp\/v2\/posts\/2478\/revisions"}],"predecessor-version":[{"id":2479,"href":"https:\/\/www.photoethistoire.eu\/14-18\/wp-json\/wp\/v2\/posts\/2478\/revisions\/2479"}],"wp:attachment":[{"href":"https:\/\/www.photoethistoire.eu\/14-18\/wp-json\/wp\/v2\/media?parent=2478"}],"wp:term":[{"taxonomy":"category","embeddable":true,"href":"https:\/\/www.photoethistoire.eu\/14-18\/wp-json\/wp\/v2\/categories?post=2478"},{"taxonomy":"post_tag","embeddable":true,"href":"https:\/\/www.photoethistoire.eu\/14-18\/wp-json\/wp\/v2\/tags?post=2478"}],"curies":[{"name":"wp","href":"https:\/\/api.w.org\/{rel}","templated":true}]}}